{"id":9435,"date":"2026-04-25T08:28:41","date_gmt":"2026-04-25T08:28:41","guid":{"rendered":"https:\/\/aeboaagua.org\/ebiba\/?p=9435"},"modified":"2026-04-25T08:33:09","modified_gmt":"2026-04-25T08:33:09","slug":"o-labirinto-da-liberdade-pna-pce-inaugura-website-e-podcast-libertarte","status":"publish","type":"post","link":"https:\/\/aeboaagua.org\/ebiba\/o-labirinto-da-liberdade-pna-pce-inaugura-website-e-podcast-libertarte\/","title":{"rendered":"O Labirinto da Liberdade: PNA-PCE Inaugura Website e Podcast &#8220;Libert&#8217;arte&#8221;"},"content":{"rendered":"\n<p>Neste 25 de abril, em que celebramos a liberdade como um compromisso com a consci\u00eancia e a justi\u00e7a, o Agrupamento de Escolas da Boa \u00c1gua oficializa o seu lugar no ecossistema das artes atrav\u00e9s do lan\u00e7amento do seu <a href=\"https:\/\/aeboaagua.org\/PNAPCE-BoaAgua\/\" target=\"_blank\" rel=\"noreferrer noopener\"><strong>novo website PNA-PCE<\/strong><\/a>. Este espa\u00e7o digital surge como o espelho do Plano Cultural de Escola &#8220;Ruas (In)vis\u00edveis&#8221;, uma estrutura que procura &#8220;indestinar&#8221; a vida dos alunos, recusando percursos tra\u00e7ados pela in\u00e9rcia e devolvendo \u00e0 escola o seu potencial de transforma\u00e7\u00e3o social atrav\u00e9s da cultura. Como gesto final de emancipa\u00e7\u00e3o e celebra\u00e7\u00e3o da igualdade de vozes, inauguramos hoje o podcast <a href=\"https:\/\/open.spotify.com\/show\/4S29nNW0yR6k4LuQJHwVAm\" target=\"_blank\" rel=\"noreferrer noopener\"><strong>&#8220;Libert&#8217;arte&#8221;<\/strong><\/a>, um arquivo vivo onde a arte e a educa\u00e7\u00e3o se dizem no plural. No <a href=\"https:\/\/open.spotify.com\/episode\/3nQcKO6p2rCHnzXeUcpzU2\" target=\"_blank\" rel=\"noreferrer noopener\"><strong>primeiro epis\u00f3dio<\/strong><\/a>, recebemos Susana Silv\u00e9rio, Coordenadora Intermunicipal do PNA, num di\u00e1logo que simboliza a nossa miss\u00e3o de transformar a vizinhan\u00e7a num ecossistema sem muros, onde a cultura n\u00e3o serve para enfeitar a vida, mas para a libertar.<\/p>\n\n\n\n<figure class=\"wp-block-embed is-type-video is-provider-spotify wp-block-embed-spotify wp-embed-aspect-16-9 wp-has-aspect-ratio\"><div class=\"wp-block-embed__wrapper\">\n<iframe title=\"Spotify Embed: Libert\u2019Arte | Ep.1: Indisciplinar a Boa \u00c1gua - Entrevista com Susana Silv\u00e9rio\" style=\"border-radius: 12px\" width=\"624\" height=\"351\" frameborder=\"0\" allowfullscreen allow=\"autoplay; clipboard-write; encrypted-media; fullscreen; picture-in-picture\" loading=\"lazy\" src=\"https:\/\/open.spotify.com\/embed\/episode\/3nQcKO6p2rCHnzXeUcpzU2\/video?utm_source=oembed\"><\/iframe>\n<\/div><\/figure>\n\n\n\n<p><br><a href=\"https:\/\/aeboaagua.org\/PNAPCE-BoaAgua\/2026\/04\/24\/o-labirinto-da-liberdade-desenhando-ruas-invisiveis-na-boa-agua\/\" target=\"_blank\" rel=\"noreferrer noopener\"><strong>Estreia! N\u00e3o perca! Siga-nos! Visite-nos!<\/strong><\/a><\/p>\n","protected":false},"excerpt":{"rendered":"<p>Neste 25 de abril, em que celebramos a liberdade como um compromisso com a consci\u00eancia e a justi\u00e7a, o Agrupamento de Escolas da Boa \u00c1gua oficializa o seu lugar no ecossistema das artes atrav\u00e9s do lan\u00e7amento do seu novo website PNA-PCE. Este espa\u00e7o digital surge como o espelho do Plano Cultural de Escola &#8220;Ruas (In)vis\u00edveis&#8221;, uma estrutura que procura &#8220;indestinar&#8221;<\/p>\n","protected":false},"author":12,"featured_media":0,"comment_status":"closed","ping_status":"open","sticky":false,"template":"","format":"standard","meta":{"footnotes":""},"categories":[9],"tags":[110,104,77,106,108,107,109,105],"class_list":["post-9435","post","type-post","status-publish","format-standard","hentry","category-geral","tag-agrupamento","tag-artes","tag-boa-agua","tag-liberdade","tag-pce","tag-pna","tag-podcast","tag-projetos"],"_links":{"self":[{"href":"https:\/\/aeboaagua.org\/ebiba\/wp-json\/wp\/v2\/posts\/9435","targetHints":{"allow":["GET"]}}],"collection":[{"href":"https:\/\/aeboaagua.org\/ebiba\/wp-json\/wp\/v2\/posts"}],"about":[{"href":"https:\/\/aeboaagua.org\/ebiba\/wp-json\/wp\/v2\/types\/post"}],"author":[{"embeddable":true,"href":"https:\/\/aeboaagua.org\/ebiba\/wp-json\/wp\/v2\/users\/12"}],"replies":[{"embeddable":true,"href":"https:\/\/aeboaagua.org\/ebiba\/wp-json\/wp\/v2\/comments?post=9435"}],"version-history":[{"count":4,"href":"https:\/\/aeboaagua.org\/ebiba\/wp-json\/wp\/v2\/posts\/9435\/revisions"}],"predecessor-version":[{"id":9439,"href":"https:\/\/aeboaagua.org\/ebiba\/wp-json\/wp\/v2\/posts\/9435\/revisions\/9439"}],"wp:attachment":[{"href":"https:\/\/aeboaagua.org\/ebiba\/wp-json\/wp\/v2\/media?parent=9435"}],"wp:term":[{"taxonomy":"category","embeddable":true,"href":"https:\/\/aeboaagua.org\/ebiba\/wp-json\/wp\/v2\/categories?post=9435"},{"taxonomy":"post_tag","embeddable":true,"href":"https:\/\/aeboaagua.org\/ebiba\/wp-json\/wp\/v2\/tags?post=9435"}],"curies":[{"name":"wp","href":"https:\/\/api.w.org\/{rel}","templated":true}]}}