{"id":9303,"date":"2026-01-26T16:39:35","date_gmt":"2026-01-26T16:39:35","guid":{"rendered":"https:\/\/aeboaagua.org\/ebiba\/?p=9303"},"modified":"2026-01-26T16:39:35","modified_gmt":"2026-01-26T16:39:35","slug":"eleicao-dos-representantes-do-pessoal-docente-da-rede-publica-para-o-conselho-municipal-de-educacao-de-sesimbra-mandato-2025-2029","status":"publish","type":"post","link":"https:\/\/aeboaagua.org\/ebiba\/eleicao-dos-representantes-do-pessoal-docente-da-rede-publica-para-o-conselho-municipal-de-educacao-de-sesimbra-mandato-2025-2029\/","title":{"rendered":"ELEI\u00c7\u00c3O DOS REPRESENTANTES DO PESSOAL DOCENTE DA REDE P\u00daBLICA PARA O CONSELHO MUNICIPAL DE EDUCA\u00c7\u00c3O DE SESIMBRA &#8211; Mandato 2025-2029"},"content":{"rendered":"\n<p>Est\u00e1 em curso a constitui\u00e7\u00e3o do novo Conselho Municipal de Educa\u00e7\u00e3o de Sesimbra para o mandato 2025\/2029, cujo ato&nbsp;eleitoral&nbsp;para a elei\u00e7\u00e3o dos representantes do pessoal do ensino secund\u00e1rio, b\u00e1sico e educa\u00e7\u00e3o pr\u00e9-escolar p\u00fablico,&nbsp;<strong><u>realiza-se no pr\u00f3ximo dia 09 de fevereiro<\/u><\/strong>.<\/p>\n\n\n\n<p>O Conselho Municipal de Educa\u00e7\u00e3o de Sesimbra \u00e9 um \u00f3rg\u00e3o consultivo, que tem como objetivo promover a n\u00edvel municipal, a participa\u00e7\u00e3o de v\u00e1rias entidades representativas da comunidade educativa, em quest\u00f5es de \u00e2mbito da pol\u00edtica educativa do concelho.<\/p>\n\n\n\n<p>Integram o Conselho Municipal de Educa\u00e7\u00e3o, entre outros:<\/p>\n\n\n\n<p>&#8211; Um representante do pessoal docente do ensino secund\u00e1rio p\u00fablico;<\/p>\n\n\n\n<p>&#8211; Um representante do pessoal docente do ensino b\u00e1sico p\u00fablico;<\/p>\n\n\n\n<p>&#8211; Um representante do pessoal docente da educa\u00e7\u00e3o pr\u00e9-escolar p\u00fablica;<\/p>\n\n\n\n<p>Assim, nos termos do n\u00ba3 do art.\u00ba 57\u00ba do decreto-lei 21\/2019, de 30 de janeiro, foi aprovado em 20 de janeiro, o procedimento para a elei\u00e7\u00e3o dos representantes do pessoal docente, o qual pode consultar\u00a0<strong><u><a href=\"https:\/\/drive.google.com\/drive\/folders\/1y84Or5uTrLoGrzS37KesifszxQPobZzz?usp=drive_link\" data-type=\"link\" data-id=\"https:\/\/drive.google.com\/drive\/folders\/1y84Or5uTrLoGrzS37KesifszxQPobZzz?usp=drive_link\">AQUI<\/a> .<\/u><\/strong><\/p>\n\n\n\n<p>Os interessados devem formalizar a sua candidatura&nbsp;<strong><u>at\u00e9 30 de janeiro<\/u><\/strong>&nbsp;\u00e0s 12h00, &nbsp;na sede do Agrupamento.<\/p>\n\n\n\n<p><\/p>\n","protected":false},"excerpt":{"rendered":"<p>Est\u00e1 em curso a constitui\u00e7\u00e3o do novo Conselho Municipal de Educa\u00e7\u00e3o de Sesimbra para o mandato 2025\/2029, cujo ato&nbsp;eleitoral&nbsp;para a elei\u00e7\u00e3o dos representantes do pessoal do ensino secund\u00e1rio, b\u00e1sico e educa\u00e7\u00e3o pr\u00e9-escolar p\u00fablico,&nbsp;realiza-se no pr\u00f3ximo dia 09 de fevereiro. O Conselho Municipal de Educa\u00e7\u00e3o de Sesimbra \u00e9 um \u00f3rg\u00e3o consultivo, que tem como objetivo promover a n\u00edvel municipal, a participa\u00e7\u00e3o<\/p>\n","protected":false},"author":6,"featured_media":0,"comment_status":"closed","ping_status":"open","sticky":false,"template":"","format":"standard","meta":{"footnotes":""},"categories":[9],"tags":[],"class_list":["post-9303","post","type-post","status-publish","format-standard","hentry","category-geral"],"_links":{"self":[{"href":"https:\/\/aeboaagua.org\/ebiba\/wp-json\/wp\/v2\/posts\/9303","targetHints":{"allow":["GET"]}}],"collection":[{"href":"https:\/\/aeboaagua.org\/ebiba\/wp-json\/wp\/v2\/posts"}],"about":[{"href":"https:\/\/aeboaagua.org\/ebiba\/wp-json\/wp\/v2\/types\/post"}],"author":[{"embeddable":true,"href":"https:\/\/aeboaagua.org\/ebiba\/wp-json\/wp\/v2\/users\/6"}],"replies":[{"embeddable":true,"href":"https:\/\/aeboaagua.org\/ebiba\/wp-json\/wp\/v2\/comments?post=9303"}],"version-history":[{"count":1,"href":"https:\/\/aeboaagua.org\/ebiba\/wp-json\/wp\/v2\/posts\/9303\/revisions"}],"predecessor-version":[{"id":9304,"href":"https:\/\/aeboaagua.org\/ebiba\/wp-json\/wp\/v2\/posts\/9303\/revisions\/9304"}],"wp:attachment":[{"href":"https:\/\/aeboaagua.org\/ebiba\/wp-json\/wp\/v2\/media?parent=9303"}],"wp:term":[{"taxonomy":"category","embeddable":true,"href":"https:\/\/aeboaagua.org\/ebiba\/wp-json\/wp\/v2\/categories?post=9303"},{"taxonomy":"post_tag","embeddable":true,"href":"https:\/\/aeboaagua.org\/ebiba\/wp-json\/wp\/v2\/tags?post=9303"}],"curies":[{"name":"wp","href":"https:\/\/api.w.org\/{rel}","templated":true}]}}