{"id":9269,"date":"2025-12-16T13:18:48","date_gmt":"2025-12-16T13:18:48","guid":{"rendered":"https:\/\/aeboaagua.org\/ebiba\/?p=9269"},"modified":"2025-12-16T13:19:48","modified_gmt":"2025-12-16T13:19:48","slug":"escovar-para-reciclar-reciclagem-de-escovas-de-dentes","status":"publish","type":"post","link":"https:\/\/aeboaagua.org\/ebiba\/escovar-para-reciclar-reciclagem-de-escovas-de-dentes\/","title":{"rendered":"&#8220;Escovar para reciclar&#8221; &#8211; reciclagem de escovas de dentes"},"content":{"rendered":"\n<p><strong>Sabia que \u2026<\/strong><br>\u2022 As escovas de dentes n\u00e3o s\u00e3o embalagens, pelo que n\u00e3o podem ser encaminhadas para o ecoponto amarelo tornando-se num res\u00edduo a ser encaminhado para o lixo indiferenciado?<br>\u2022 H\u00e1 empresas a utilizar este res\u00edduo como mat\u00e9ria-prima, ap\u00f3s tratamento, nomeadamente empresas de produ\u00e7\u00e3o de pl\u00e1stico prensado para produ\u00e7\u00e3o de mobili\u00e1rio ou pranchas de surf?<br>\u2022 As Eco-Escolas promovem a recolha das escovas de dentes nas suas instala\u00e7\u00f5es?<\/p>\n\n\n\n<p><strong>Porque todas as a\u00e7\u00f5es contam, colabore com o nosso agrupamento nesta campanha! Entregue as escovas de dentes usadas nas nossas instala\u00e7\u00f5es!<br>O Ambiente agradece!<\/strong><\/p>\n\n\n\n<p>A equipa EcoEscolas<\/p>\n\n\n\n<figure class=\"wp-block-image size-large is-resized\"><a href=\"https:\/\/aeboaagua.org\/ebiba\/wp-content\/uploads\/2025\/12\/Escovar-Reciclar-25_ctz_FINAL-_1_-scaled.jpg\"><img loading=\"lazy\" decoding=\"async\" width=\"724\" height=\"1024\" src=\"https:\/\/aeboaagua.org\/ebiba\/wp-content\/uploads\/2025\/12\/Escovar-Reciclar-25_ctz_FINAL-_1_-724x1024.jpg\" alt=\"\" class=\"wp-image-9270\" style=\"width:516px;height:auto\" srcset=\"https:\/\/aeboaagua.org\/ebiba\/wp-content\/uploads\/2025\/12\/Escovar-Reciclar-25_ctz_FINAL-_1_-724x1024.jpg 724w, https:\/\/aeboaagua.org\/ebiba\/wp-content\/uploads\/2025\/12\/Escovar-Reciclar-25_ctz_FINAL-_1_-212x300.jpg 212w, https:\/\/aeboaagua.org\/ebiba\/wp-content\/uploads\/2025\/12\/Escovar-Reciclar-25_ctz_FINAL-_1_-768x1086.jpg 768w, https:\/\/aeboaagua.org\/ebiba\/wp-content\/uploads\/2025\/12\/Escovar-Reciclar-25_ctz_FINAL-_1_-1086x1536.jpg 1086w, https:\/\/aeboaagua.org\/ebiba\/wp-content\/uploads\/2025\/12\/Escovar-Reciclar-25_ctz_FINAL-_1_-1448x2048.jpg 1448w, https:\/\/aeboaagua.org\/ebiba\/wp-content\/uploads\/2025\/12\/Escovar-Reciclar-25_ctz_FINAL-_1_-scaled.jpg 1810w\" sizes=\"auto, (max-width: 724px) 100vw, 724px\" \/><\/a><\/figure>\n","protected":false},"excerpt":{"rendered":"<p>Sabia que \u2026\u2022 As escovas de dentes n\u00e3o s\u00e3o embalagens, pelo que n\u00e3o podem ser encaminhadas para o ecoponto amarelo tornando-se num res\u00edduo a ser encaminhado para o lixo indiferenciado?\u2022 H\u00e1 empresas a utilizar este res\u00edduo como mat\u00e9ria-prima, ap\u00f3s tratamento, nomeadamente empresas de produ\u00e7\u00e3o de pl\u00e1stico prensado para produ\u00e7\u00e3o de mobili\u00e1rio ou pranchas de surf?\u2022 As Eco-Escolas promovem a recolha<\/p>\n","protected":false},"author":9,"featured_media":0,"comment_status":"closed","ping_status":"open","sticky":false,"template":"","format":"standard","meta":{"footnotes":""},"categories":[9],"tags":[],"class_list":["post-9269","post","type-post","status-publish","format-standard","hentry","category-geral"],"_links":{"self":[{"href":"https:\/\/aeboaagua.org\/ebiba\/wp-json\/wp\/v2\/posts\/9269","targetHints":{"allow":["GET"]}}],"collection":[{"href":"https:\/\/aeboaagua.org\/ebiba\/wp-json\/wp\/v2\/posts"}],"about":[{"href":"https:\/\/aeboaagua.org\/ebiba\/wp-json\/wp\/v2\/types\/post"}],"author":[{"embeddable":true,"href":"https:\/\/aeboaagua.org\/ebiba\/wp-json\/wp\/v2\/users\/9"}],"replies":[{"embeddable":true,"href":"https:\/\/aeboaagua.org\/ebiba\/wp-json\/wp\/v2\/comments?post=9269"}],"version-history":[{"count":2,"href":"https:\/\/aeboaagua.org\/ebiba\/wp-json\/wp\/v2\/posts\/9269\/revisions"}],"predecessor-version":[{"id":9272,"href":"https:\/\/aeboaagua.org\/ebiba\/wp-json\/wp\/v2\/posts\/9269\/revisions\/9272"}],"wp:attachment":[{"href":"https:\/\/aeboaagua.org\/ebiba\/wp-json\/wp\/v2\/media?parent=9269"}],"wp:term":[{"taxonomy":"category","embeddable":true,"href":"https:\/\/aeboaagua.org\/ebiba\/wp-json\/wp\/v2\/categories?post=9269"},{"taxonomy":"post_tag","embeddable":true,"href":"https:\/\/aeboaagua.org\/ebiba\/wp-json\/wp\/v2\/tags?post=9269"}],"curies":[{"name":"wp","href":"https:\/\/api.w.org\/{rel}","templated":true}]}}