{"id":9207,"date":"2025-09-11T18:20:42","date_gmt":"2025-09-11T18:20:42","guid":{"rendered":"https:\/\/aeboaagua.org\/ebiba\/?p=9207"},"modified":"2025-09-11T18:22:32","modified_gmt":"2025-09-11T18:22:32","slug":"horarios-do-pre-escolar-1o-ciclo-2o-e-3o-ciclos-para-2025-2026","status":"publish","type":"post","link":"https:\/\/aeboaagua.org\/ebiba\/horarios-do-pre-escolar-1o-ciclo-2o-e-3o-ciclos-para-2025-2026\/","title":{"rendered":"Hor\u00e1rios do Pr\u00e9 Escolar, 1\u00ba Ciclo, 2\u00ba e 3\u00ba Ciclos para 2025\/2026"},"content":{"rendered":"\n<p>Encontram-se no menu da barra lateral os <a href=\"http:\/\/aeboaagua.org\/Horarios\/HorTurmas.htm\" target=\"_blank\" rel=\"noreferrer noopener\">Hor\u00e1rios 2025\/2026<\/a>.<\/p>\n\n\n\n<p>Basta clicar no link indicado anteriormente e selecionar a respetiva escola ou turma, para visualizar o hor\u00e1rio.<\/p>\n\n\n\n<p>Bom ano letivo!<\/p>\n\n\n\n<p><a href=\"http:\/\/aeboaagua.org\/Horarios\/HorTurmas.htm\" target=\"_blank\" rel=\"noreferrer noopener\">Hor\u00e1rios do Pr\u00e9 Escolar, 1\u00ba Ciclo, 2\u00ba e 3\u00ba Ciclos para 2025\/2026<\/a><\/p>\n\n\n\n<p><\/p>\n","protected":false},"excerpt":{"rendered":"<p>Encontram-se no menu da barra lateral os Hor\u00e1rios 2025\/2026. Basta clicar no link indicado anteriormente e selecionar a respetiva escola ou turma, para visualizar o hor\u00e1rio. Bom ano letivo! Hor\u00e1rios do Pr\u00e9 Escolar, 1\u00ba Ciclo, 2\u00ba e 3\u00ba Ciclos para 2025\/2026<\/p>\n","protected":false},"author":10,"featured_media":0,"comment_status":"closed","ping_status":"open","sticky":false,"template":"","format":"standard","meta":{"footnotes":""},"categories":[6,88,3],"tags":[],"class_list":["post-9207","post","type-post","status-publish","format-standard","hentry","category-avisos","category-horarios","category-infos"],"_links":{"self":[{"href":"https:\/\/aeboaagua.org\/ebiba\/wp-json\/wp\/v2\/posts\/9207","targetHints":{"allow":["GET"]}}],"collection":[{"href":"https:\/\/aeboaagua.org\/ebiba\/wp-json\/wp\/v2\/posts"}],"about":[{"href":"https:\/\/aeboaagua.org\/ebiba\/wp-json\/wp\/v2\/types\/post"}],"author":[{"embeddable":true,"href":"https:\/\/aeboaagua.org\/ebiba\/wp-json\/wp\/v2\/users\/10"}],"replies":[{"embeddable":true,"href":"https:\/\/aeboaagua.org\/ebiba\/wp-json\/wp\/v2\/comments?post=9207"}],"version-history":[{"count":2,"href":"https:\/\/aeboaagua.org\/ebiba\/wp-json\/wp\/v2\/posts\/9207\/revisions"}],"predecessor-version":[{"id":9209,"href":"https:\/\/aeboaagua.org\/ebiba\/wp-json\/wp\/v2\/posts\/9207\/revisions\/9209"}],"wp:attachment":[{"href":"https:\/\/aeboaagua.org\/ebiba\/wp-json\/wp\/v2\/media?parent=9207"}],"wp:term":[{"taxonomy":"category","embeddable":true,"href":"https:\/\/aeboaagua.org\/ebiba\/wp-json\/wp\/v2\/categories?post=9207"},{"taxonomy":"post_tag","embeddable":true,"href":"https:\/\/aeboaagua.org\/ebiba\/wp-json\/wp\/v2\/tags?post=9207"}],"curies":[{"name":"wp","href":"https:\/\/api.w.org\/{rel}","templated":true}]}}