{"id":9195,"date":"2025-09-10T10:46:04","date_gmt":"2025-09-10T10:46:04","guid":{"rendered":"https:\/\/aeboaagua.org\/ebiba\/?p=9195"},"modified":"2025-09-10T10:50:24","modified_gmt":"2025-09-10T10:50:24","slug":"reuniao-de-direcao-com-encarregados-de-educacao-de-2o-ciclo-inicio-ano-letivo-2025-26","status":"publish","type":"post","link":"https:\/\/aeboaagua.org\/ebiba\/reuniao-de-direcao-com-encarregados-de-educacao-de-2o-ciclo-inicio-ano-letivo-2025-26\/","title":{"rendered":"Reuni\u00e3o de Dire\u00e7\u00e3o com Encarregados de Educa\u00e7\u00e3o de 2\u00ba ciclo &#8211; In\u00edcio ano letivo 2025\/26"},"content":{"rendered":"\n<p>Conforme \u00e9 usual, <strong>na 5\u00aaf, dia 11 de setembro de 2025, \u00e0s 17:30h<\/strong>, faremos uma breve reuni\u00e3o de arranque do ano com os Encarregados de Educa\u00e7\u00e3o de 2\u00ba ciclo. Publicamos abaixo o link para aceder \u00e0 reuni\u00e3o:<\/p>\n\n\n\n<p><strong>Reuni\u00e3o de dia 11 de setembro, \u00e0s 17.30h, na plataforma ZOOM<\/strong><\/p>\n\n\n\n<p>T\u00f3pico: Reuni\u00e3o com Encarregados de Educa\u00e7\u00e3o de 2\u00ba ciclo<br>Hor\u00e1rio: 11 set. 2025 17:30 Londres<br>Ingressar na reuni\u00e3o Zoom<br><a href=\"https:\/\/us02web.zoom.us\/j\/83683633590?pwd=0ZSOLbLvzhOheIO16EKWKzAq3bSI3M.1\">https:\/\/us02web.zoom.us\/j\/83683633590?pwd=0ZSOLbLvzhOheIO16EKWKzAq3bSI3M.1<\/a><\/p>\n\n\n\n<p>ID da reuni\u00e3o: 836 8363 3590<br>Senha: 598526<\/p>\n\n\n\n<p>Informamos ainda que a reuni\u00e3o ser\u00e1 gravada e que a grava\u00e7\u00e3o poder\u00e1 ser disponibilizada posteriormente.<\/p>\n\n\n\n<p><\/p>\n","protected":false},"excerpt":{"rendered":"<p>Conforme \u00e9 usual, na 5\u00aaf, dia 11 de setembro de 2025, \u00e0s 17:30h, faremos uma breve reuni\u00e3o de arranque do ano com os Encarregados de Educa\u00e7\u00e3o de 2\u00ba ciclo. Publicamos abaixo o link para aceder \u00e0 reuni\u00e3o: Reuni\u00e3o de dia 11 de setembro, \u00e0s 17.30h, na plataforma ZOOM T\u00f3pico: Reuni\u00e3o com Encarregados de Educa\u00e7\u00e3o de 2\u00ba cicloHor\u00e1rio: 11 set. 2025<\/p>\n","protected":false},"author":2,"featured_media":0,"comment_status":"closed","ping_status":"open","sticky":false,"template":"","format":"standard","meta":{"footnotes":""},"categories":[9],"tags":[74,54,61],"class_list":["post-9195","post","type-post","status-publish","format-standard","hentry","category-geral","tag-2o-ciclo","tag-alunos","tag-informacoes"],"_links":{"self":[{"href":"https:\/\/aeboaagua.org\/ebiba\/wp-json\/wp\/v2\/posts\/9195","targetHints":{"allow":["GET"]}}],"collection":[{"href":"https:\/\/aeboaagua.org\/ebiba\/wp-json\/wp\/v2\/posts"}],"about":[{"href":"https:\/\/aeboaagua.org\/ebiba\/wp-json\/wp\/v2\/types\/post"}],"author":[{"embeddable":true,"href":"https:\/\/aeboaagua.org\/ebiba\/wp-json\/wp\/v2\/users\/2"}],"replies":[{"embeddable":true,"href":"https:\/\/aeboaagua.org\/ebiba\/wp-json\/wp\/v2\/comments?post=9195"}],"version-history":[{"count":2,"href":"https:\/\/aeboaagua.org\/ebiba\/wp-json\/wp\/v2\/posts\/9195\/revisions"}],"predecessor-version":[{"id":9199,"href":"https:\/\/aeboaagua.org\/ebiba\/wp-json\/wp\/v2\/posts\/9195\/revisions\/9199"}],"wp:attachment":[{"href":"https:\/\/aeboaagua.org\/ebiba\/wp-json\/wp\/v2\/media?parent=9195"}],"wp:term":[{"taxonomy":"category","embeddable":true,"href":"https:\/\/aeboaagua.org\/ebiba\/wp-json\/wp\/v2\/categories?post=9195"},{"taxonomy":"post_tag","embeddable":true,"href":"https:\/\/aeboaagua.org\/ebiba\/wp-json\/wp\/v2\/tags?post=9195"}],"curies":[{"name":"wp","href":"https:\/\/api.w.org\/{rel}","templated":true}]}}