{"id":9173,"date":"2025-09-06T15:56:02","date_gmt":"2025-09-06T15:56:02","guid":{"rendered":"https:\/\/aeboaagua.org\/ebiba\/?p=9173"},"modified":"2025-09-06T16:50:28","modified_gmt":"2025-09-06T16:50:28","slug":"reunioes-ee-pre-escolar-e-1-ociclo","status":"publish","type":"post","link":"https:\/\/aeboaagua.org\/ebiba\/reunioes-ee-pre-escolar-e-1-ociclo\/","title":{"rendered":"Reuni\u00f5es EE Pr\u00e9-Escolar e 1.\u00baCiclo"},"content":{"rendered":"\n<p>Informam-se os Encarregados de Educa\u00e7\u00e3o de que a rece\u00e7\u00e3o aos Encarregados de Educa\u00e7\u00e3o<strong> <em>(sem presen\u00e7a de alunos)<\/em> <\/strong>do Pr\u00e9-Escolar e 1\u00ba Ciclo ocorrer\u00e1 na 6:\u00ba feira<strong>, dia 12 de setembro de 2025, da seguinte forma (localiza\u00e7\u00e3o da escola no link):<\/strong><\/p>\n\n\n\n<p><a href=\"https:\/\/goo.gl\/maps\/8BRVQchG6bbSUjSF7\"><strong>JI Pinhal General (Rua Ilha Terceira)<\/strong><\/a><\/p>\n\n\n\n<p>Pr\u00e9 Escolar &#8211; 11h<\/p>\n\n\n\n<p><a href=\"https:\/\/goo.gl\/maps\/YBKJM19EryR7nMpH7\"><strong>EB1 n\u00ba2 Quinta do Conde (Rua Serra D\u2019Aire)<\/strong><\/a><\/p>\n\n\n\n<p>Pr\u00e9-Escolar &#8211; 9h30m<\/p>\n\n\n\n<p>1\u00baCiclo \u2013 10h30m<\/p>\n\n\n\n<p><a href=\"https:\/\/goo.gl\/maps\/YYruAXEWg6eP6Lp37\"><strong>EB1 JI Pinhal General (Rua Cidade de Leiria)<\/strong><\/a><\/p>\n\n\n\n<p>Pr\u00e9-Escolar \u2013 9h<\/p>\n\n\n\n<p>1\u00baAno \u2013 10h<\/p>\n\n\n\n<p>2\u00ba,3\u00ba e 4\u00ba anos \u2013 9h30m<\/p>\n\n\n\n<p><a href=\"https:\/\/goo.gl\/maps\/6KEzio75AvuyCs5V8\"><strong>EBI Boa \u00c1gua (Rua Serra de Monchique)<\/strong><\/a><\/p>\n\n\n\n<p>1\u00ba e 2\u00ba Ano \u2013 9h<\/p>\n\n\n\n<p>3\u00ba e 4\u00ba Ano  &#8211; 11h<\/p>\n\n\n\n<p><strong>No dia 15 de setembro de 2025, iniciam-se as atividades letivas com alunos na totalidade do hor\u00e1rio previsto (a afixar brevemente).<\/strong><\/p>\n\n\n\n<p><\/p>\n\n\n\n<p><\/p>\n","protected":false},"excerpt":{"rendered":"<p>Informam-se os Encarregados de Educa\u00e7\u00e3o de que a rece\u00e7\u00e3o aos Encarregados de Educa\u00e7\u00e3o (sem presen\u00e7a de alunos) do Pr\u00e9-Escolar e 1\u00ba Ciclo ocorrer\u00e1 na 6:\u00ba feira, dia 12 de setembro de 2025, da seguinte forma (localiza\u00e7\u00e3o da escola no link): JI Pinhal General (Rua Ilha Terceira) Pr\u00e9 Escolar &#8211; 11h EB1 n\u00ba2 Quinta do Conde (Rua Serra D\u2019Aire) Pr\u00e9-Escolar &#8211;<\/p>\n","protected":false},"author":6,"featured_media":0,"comment_status":"closed","ping_status":"open","sticky":false,"template":"","format":"standard","meta":{"footnotes":""},"categories":[9],"tags":[],"class_list":["post-9173","post","type-post","status-publish","format-standard","hentry","category-geral"],"_links":{"self":[{"href":"https:\/\/aeboaagua.org\/ebiba\/wp-json\/wp\/v2\/posts\/9173","targetHints":{"allow":["GET"]}}],"collection":[{"href":"https:\/\/aeboaagua.org\/ebiba\/wp-json\/wp\/v2\/posts"}],"about":[{"href":"https:\/\/aeboaagua.org\/ebiba\/wp-json\/wp\/v2\/types\/post"}],"author":[{"embeddable":true,"href":"https:\/\/aeboaagua.org\/ebiba\/wp-json\/wp\/v2\/users\/6"}],"replies":[{"embeddable":true,"href":"https:\/\/aeboaagua.org\/ebiba\/wp-json\/wp\/v2\/comments?post=9173"}],"version-history":[{"count":4,"href":"https:\/\/aeboaagua.org\/ebiba\/wp-json\/wp\/v2\/posts\/9173\/revisions"}],"predecessor-version":[{"id":9177,"href":"https:\/\/aeboaagua.org\/ebiba\/wp-json\/wp\/v2\/posts\/9173\/revisions\/9177"}],"wp:attachment":[{"href":"https:\/\/aeboaagua.org\/ebiba\/wp-json\/wp\/v2\/media?parent=9173"}],"wp:term":[{"taxonomy":"category","embeddable":true,"href":"https:\/\/aeboaagua.org\/ebiba\/wp-json\/wp\/v2\/categories?post=9173"},{"taxonomy":"post_tag","embeddable":true,"href":"https:\/\/aeboaagua.org\/ebiba\/wp-json\/wp\/v2\/tags?post=9173"}],"curies":[{"name":"wp","href":"https:\/\/api.w.org\/{rel}","templated":true}]}}