{"id":9148,"date":"2025-08-04T14:31:55","date_gmt":"2025-08-04T14:31:55","guid":{"rendered":"https:\/\/aeboaagua.org\/ebiba\/?p=9148"},"modified":"2025-08-04T14:31:55","modified_gmt":"2025-08-04T14:31:55","slug":"inscricoes-abertas-projeto-saber-mais-academia-de-tempos-livres-caf-2o-e-3o-ciclo","status":"publish","type":"post","link":"https:\/\/aeboaagua.org\/ebiba\/inscricoes-abertas-projeto-saber-mais-academia-de-tempos-livres-caf-2o-e-3o-ciclo\/","title":{"rendered":"Inscri\u00e7\u00f5es abertas: Projeto SABER MAIS \u2013 Academia de Tempos Livres (CAF 2\u00ba e 3\u00ba Ciclo)"},"content":{"rendered":"\n<p>O projeto <strong>SABER MAIS \u2013 Academia de Tempos Livres<\/strong> \u00e9 uma iniciativa promovida pela <strong>EDUGEP<\/strong>, em parceria com a <strong>Associa\u00e7\u00e3o de Pais da EB da Boa \u00c1gua<\/strong>, destinada aos alunos do <strong>2\u00ba e 3\u00ba Ciclos<\/strong> do Ensino B\u00e1sico.<\/p>\n\n\n\n<p>Este projeto tem como principais objetivos:<\/p>\n\n\n\n<ul class=\"wp-block-list\">\n<li>Proporcionar um apoio complementar ao hor\u00e1rio escolar, facilitando a organiza\u00e7\u00e3o das fam\u00edlias;<\/li>\n\n\n\n<li>Oferecer atividades l\u00fadicas e estruturadas que promovem uma ocupa\u00e7\u00e3o segura e criativa dos tempos livres;<\/li>\n\n\n\n<li>Incluir um momento di\u00e1rio de acompanhamento ao estudo (sem corre\u00e7\u00e3o de TPC nem explica\u00e7\u00f5es individuais).<\/li>\n<\/ul>\n\n\n\n<p> As atividades ter\u00e3o in\u00edcio em setembro.<br>Inscreva-se no formul\u00e1rio abaixo.<\/p>\n\n\n\n<p><a href=\"https:\/\/docs.google.com\/forms\/d\/e\/1FAIpQLSf1AFPY-KiiGChGR523EfOPtBHUMwHaaZu6dcslA1FL-bKZow\/viewform\">https:\/\/docs.google.com\/forms\/d\/e\/1FAIpQLSf1AFPY-KiiGChGR523EfOPtBHUMwHaaZu6dcslA1FL-bKZow\/viewform<\/a><\/p>\n\n\n\n<div data-wp-interactive=\"core\/file\" class=\"wp-block-file\"><object data-wp-bind--hidden=\"!state.hasPdfPreview\" hidden class=\"wp-block-file__embed\" data=\"https:\/\/aeboaagua.org\/ebiba\/wp-content\/uploads\/2025\/08\/CAF-2o-ciclo-Boa-Agua-1.pdf\" type=\"application\/pdf\" style=\"width:100%;height:600px\" aria-label=\"Incorpora\u00e7\u00e3o de CAF 2\u00ba ciclo Boa \u00c0gua (1).\"><\/object><a id=\"wp-block-file--media-dd67fdd8-886d-45e4-946a-63bcc52c0ae1\" href=\"https:\/\/aeboaagua.org\/ebiba\/wp-content\/uploads\/2025\/08\/CAF-2o-ciclo-Boa-Agua-1.pdf\">CAF 2\u00ba ciclo Boa \u00c0gua (1)<\/a><a href=\"https:\/\/aeboaagua.org\/ebiba\/wp-content\/uploads\/2025\/08\/CAF-2o-ciclo-Boa-Agua-1.pdf\" class=\"wp-block-file__button wp-element-button\" download aria-describedby=\"wp-block-file--media-dd67fdd8-886d-45e4-946a-63bcc52c0ae1\">Descarregar<\/a><\/div>\n","protected":false},"excerpt":{"rendered":"<p>O projeto SABER MAIS \u2013 Academia de Tempos Livres \u00e9 uma iniciativa promovida pela EDUGEP, em parceria com a Associa\u00e7\u00e3o de Pais da EB da Boa \u00c1gua, destinada aos alunos do 2\u00ba e 3\u00ba Ciclos do Ensino B\u00e1sico. Este projeto tem como principais objetivos: As atividades ter\u00e3o in\u00edcio em setembro.Inscreva-se no formul\u00e1rio abaixo. https:\/\/docs.google.com\/forms\/d\/e\/1FAIpQLSf1AFPY-KiiGChGR523EfOPtBHUMwHaaZu6dcslA1FL-bKZow\/viewform<\/p>\n","protected":false},"author":6,"featured_media":0,"comment_status":"closed","ping_status":"open","sticky":false,"template":"","format":"standard","meta":{"footnotes":""},"categories":[9],"tags":[],"class_list":["post-9148","post","type-post","status-publish","format-standard","hentry","category-geral"],"_links":{"self":[{"href":"https:\/\/aeboaagua.org\/ebiba\/wp-json\/wp\/v2\/posts\/9148","targetHints":{"allow":["GET"]}}],"collection":[{"href":"https:\/\/aeboaagua.org\/ebiba\/wp-json\/wp\/v2\/posts"}],"about":[{"href":"https:\/\/aeboaagua.org\/ebiba\/wp-json\/wp\/v2\/types\/post"}],"author":[{"embeddable":true,"href":"https:\/\/aeboaagua.org\/ebiba\/wp-json\/wp\/v2\/users\/6"}],"replies":[{"embeddable":true,"href":"https:\/\/aeboaagua.org\/ebiba\/wp-json\/wp\/v2\/comments?post=9148"}],"version-history":[{"count":1,"href":"https:\/\/aeboaagua.org\/ebiba\/wp-json\/wp\/v2\/posts\/9148\/revisions"}],"predecessor-version":[{"id":9150,"href":"https:\/\/aeboaagua.org\/ebiba\/wp-json\/wp\/v2\/posts\/9148\/revisions\/9150"}],"wp:attachment":[{"href":"https:\/\/aeboaagua.org\/ebiba\/wp-json\/wp\/v2\/media?parent=9148"}],"wp:term":[{"taxonomy":"category","embeddable":true,"href":"https:\/\/aeboaagua.org\/ebiba\/wp-json\/wp\/v2\/categories?post=9148"},{"taxonomy":"post_tag","embeddable":true,"href":"https:\/\/aeboaagua.org\/ebiba\/wp-json\/wp\/v2\/tags?post=9148"}],"curies":[{"name":"wp","href":"https:\/\/api.w.org\/{rel}","templated":true}]}}