{"id":8938,"date":"2024-11-19T17:27:11","date_gmt":"2024-11-19T17:27:11","guid":{"rendered":"https:\/\/aeboaagua.org\/ebiba\/?p=8938"},"modified":"2024-11-19T17:27:11","modified_gmt":"2024-11-19T17:27:11","slug":"dia-da-pessoa-com-deficiencia","status":"publish","type":"post","link":"https:\/\/aeboaagua.org\/ebiba\/dia-da-pessoa-com-deficiencia\/","title":{"rendered":"Dia da Pessoa com Defici\u00eancia"},"content":{"rendered":"\n<p>A C\u00e2mara Municipal de Sesimbra convida e desafia a escola a estar presente no programa do Dia Internacional da Pessoa com Defici\u00eancia, que este ano ser\u00e1 dinamizado nos dias 29 e 30 de novembro, adotando o nome &#8220;Diferenci&#8217;Arte&#8221;. O evento ser\u00e1 uma celebra\u00e7\u00e3o especial da diferen\u00e7a e da inclus\u00e3o, com um programa rico em atividades para a comunidade local e para as pessoas com defici\u00eancia.<\/p>\n\n\n\n<p>Para este ano, o programa inclui <em>workshops<\/em> destinados a t\u00e9cnicos e auxiliares que trabalham nesta \u00e1rea, oficinas para pais e filhos com Necessidades Educativas Especiais (NEE), e um&nbsp;dia&nbsp;cheio de apresenta\u00e7\u00f5es art\u00edsticas. Destacam-se o espet\u00e1culo &#8220;Solos Multiplicados&#8221; e a pe\u00e7a de teatro, dan\u00e7a e m\u00fasica &#8220;Habitar o Canto&#8221;, encenada pela companhia Artes Performativas Em Movimento.<\/p>\n\n\n\n<p><strong>Programa &#8211; Diferenci&#8217;Arte<\/strong><\/p>\n\n\n\n<p><strong>Workshops de Dan\u00e7a Inclusiva<\/strong>&nbsp;<\/p>\n\n\n\n<ul class=\"wp-block-list\">\n<li><strong>29 de novembro<\/strong><strong>&nbsp;| sex | 14 \u00e0s 17h<\/strong>&nbsp;&nbsp;<\/li>\n<\/ul>\n\n\n\n<p><em>Workshop de Dan\u00e7a Inclusiva para T\u00e9cnicos<\/em>&nbsp;\u2013 dinamizado por Rafael Alvarez | BODYBUILDERS &amp; Plural Companhia de Dan\u00e7a\/Funda\u00e7\u00e3o LIGA<\/p>\n\n\n\n<p>&nbsp;&nbsp;&nbsp;&nbsp;&nbsp;&nbsp; Destinat\u00e1rios: t\u00e9cnicos, profissionais da \u00e1rea de interven\u00e7\u00e3o para pessoas&nbsp;com diversidade funcional\/NEE, auxiliares de a\u00e7\u00e3o educativa e professores&nbsp;<\/p>\n\n\n\n<p><strong>&nbsp;&nbsp;&nbsp;&nbsp;&nbsp;&nbsp;&nbsp; Local: Centro de Estudos Culturais e de A\u00e7\u00e3o Social Raio de Luz, Sampaio<\/strong>&nbsp;<\/p>\n\n\n\n<ul class=\"wp-block-list\">\n<li><strong>30 de novembro<\/strong><strong>| s\u00e1b | 10 \u00e0s 12h&nbsp;<\/strong>:<\/li>\n<\/ul>\n\n\n\n<p><em>Workshop de Dan\u00e7a Inclusiva para pais, cuidadores e pessoas com diversidade funcional\/NEE<\/em>&nbsp;\u2013 Local: Cineteatro Jo\u00e3o Mota (dinamizado por Rafael Alvarez | BODYBUILDERS &amp; Plural Companhia de Dan\u00e7a\/Funda\u00e7\u00e3o LIGA)<\/p>\n\n\n\n<p>Destinat\u00e1rios: pais, cuidadores e pessoas com diversidade funcional\/NEE&nbsp;<\/p>\n\n\n\n<p><strong>Local: Cineteatro Municipal Jo\u00e3o Mota, Sesimbra<\/strong><\/p>\n\n\n\n<p><strong>&nbsp;&nbsp;&nbsp;&nbsp;&nbsp;&nbsp; Inscri\u00e7\u00f5es<\/strong>:&nbsp;<a href=\"mailto:acao.social@cm-sesimbra.pt\" target=\"_blank\" rel=\"noreferrer noopener\">acao.social@cm-sesimbra.pt<\/a>&nbsp;\/&nbsp;<\/p>\n\n\n\n<p><a href=\"https:\/\/forms.gle\/rgsyeECUMfaz5KdH7\">https:\/\/forms.gle\/rgsyeECUMfaz5KdH7<\/a><\/p>\n\n\n\n<ul class=\"wp-block-list\">\n<li><strong>Diferenci&#8217;Arte<\/strong><\/li>\n<\/ul>\n\n\n\n<p><strong>30 de novembro<\/strong><strong>| s\u00e1b |17h30<\/strong><\/p>\n\n\n\n<p>Local:&nbsp;Cineteatro Jo\u00e3o Mota<\/p>\n\n\n\n<ul class=\"wp-block-list\">\n<li><ul><li>17h30: Apresenta\u00e7\u00e3o do projeto OTI e exibi\u00e7\u00e3o de imagens do processo.<\/li><\/ul><ul><li>17h45: Apresenta\u00e7\u00e3o do dueto\/excerto do espect\u00e1culo &#8220;SOLOS MULTIPLICADOS&#8221; de BODYBUILDERS | Rafael Alvarez &amp; Plural_Companhia de Dan\u00e7a (interpreta\u00e7\u00e3o: Cristina Tavares e Frederico Augusto)<\/li><\/ul><ul><li>18h: Apresenta\u00e7\u00e3o &#8220;Habitar o Canto&#8221; teatro, dan\u00e7a e m\u00fasica pela companhia Artes Performativas Em Movimento.<\/li><\/ul>\n<ul class=\"wp-block-list\">\n<li>19h10: Encerramento oficial.<\/li>\n<\/ul>\n<\/li>\n<\/ul>\n\n\n\n<p><strong>Local: Cineteatro Municipal Jo\u00e3o Mota, Sesimbra<\/strong>\u00a0<\/p>\n\n\n\n<figure class=\"wp-block-image size-large is-resized\"><a href=\"https:\/\/aeboaagua.org\/ebiba\/wp-content\/uploads\/2024\/11\/Dia-da-Deficiencia-CartazPavimenta-1_page-0001-2.jpg\"><img loading=\"lazy\" decoding=\"async\" src=\"https:\/\/aeboaagua.org\/ebiba\/wp-content\/uploads\/2024\/11\/Dia-da-Deficiencia-CartazPavimenta-1_page-0001-2-726x1024.jpg\" alt=\"\" class=\"wp-image-8939\" width=\"583\" height=\"823\" srcset=\"https:\/\/aeboaagua.org\/ebiba\/wp-content\/uploads\/2024\/11\/Dia-da-Deficiencia-CartazPavimenta-1_page-0001-2-726x1024.jpg 726w, https:\/\/aeboaagua.org\/ebiba\/wp-content\/uploads\/2024\/11\/Dia-da-Deficiencia-CartazPavimenta-1_page-0001-2-213x300.jpg 213w, https:\/\/aeboaagua.org\/ebiba\/wp-content\/uploads\/2024\/11\/Dia-da-Deficiencia-CartazPavimenta-1_page-0001-2-768x1084.jpg 768w, https:\/\/aeboaagua.org\/ebiba\/wp-content\/uploads\/2024\/11\/Dia-da-Deficiencia-CartazPavimenta-1_page-0001-2-1089x1536.jpg 1089w, https:\/\/aeboaagua.org\/ebiba\/wp-content\/uploads\/2024\/11\/Dia-da-Deficiencia-CartazPavimenta-1_page-0001-2-1451x2048.jpg 1451w, https:\/\/aeboaagua.org\/ebiba\/wp-content\/uploads\/2024\/11\/Dia-da-Deficiencia-CartazPavimenta-1_page-0001-2.jpg 1752w\" sizes=\"auto, (max-width: 583px) 100vw, 583px\" \/><\/a><\/figure>\n","protected":false},"excerpt":{"rendered":"<p>A C\u00e2mara Municipal de Sesimbra convida e desafia a escola a estar presente no programa do Dia Internacional da Pessoa com Defici\u00eancia, que este ano ser\u00e1 dinamizado nos dias 29 e 30 de novembro, adotando o nome &#8220;Diferenci&#8217;Arte&#8221;. O evento ser\u00e1 uma celebra\u00e7\u00e3o especial da diferen\u00e7a e da inclus\u00e3o, com um programa rico em atividades para a comunidade local e<\/p>\n","protected":false},"author":9,"featured_media":0,"comment_status":"closed","ping_status":"open","sticky":false,"template":"","format":"standard","meta":{"footnotes":""},"categories":[9],"tags":[],"class_list":["post-8938","post","type-post","status-publish","format-standard","hentry","category-geral"],"_links":{"self":[{"href":"https:\/\/aeboaagua.org\/ebiba\/wp-json\/wp\/v2\/posts\/8938","targetHints":{"allow":["GET"]}}],"collection":[{"href":"https:\/\/aeboaagua.org\/ebiba\/wp-json\/wp\/v2\/posts"}],"about":[{"href":"https:\/\/aeboaagua.org\/ebiba\/wp-json\/wp\/v2\/types\/post"}],"author":[{"embeddable":true,"href":"https:\/\/aeboaagua.org\/ebiba\/wp-json\/wp\/v2\/users\/9"}],"replies":[{"embeddable":true,"href":"https:\/\/aeboaagua.org\/ebiba\/wp-json\/wp\/v2\/comments?post=8938"}],"version-history":[{"count":1,"href":"https:\/\/aeboaagua.org\/ebiba\/wp-json\/wp\/v2\/posts\/8938\/revisions"}],"predecessor-version":[{"id":8940,"href":"https:\/\/aeboaagua.org\/ebiba\/wp-json\/wp\/v2\/posts\/8938\/revisions\/8940"}],"wp:attachment":[{"href":"https:\/\/aeboaagua.org\/ebiba\/wp-json\/wp\/v2\/media?parent=8938"}],"wp:term":[{"taxonomy":"category","embeddable":true,"href":"https:\/\/aeboaagua.org\/ebiba\/wp-json\/wp\/v2\/categories?post=8938"},{"taxonomy":"post_tag","embeddable":true,"href":"https:\/\/aeboaagua.org\/ebiba\/wp-json\/wp\/v2\/tags?post=8938"}],"curies":[{"name":"wp","href":"https:\/\/api.w.org\/{rel}","templated":true}]}}