{"id":8867,"date":"2024-09-12T20:20:23","date_gmt":"2024-09-12T20:20:23","guid":{"rendered":"https:\/\/aeboaagua.org\/ebiba\/?p=8867"},"modified":"2024-09-12T20:20:23","modified_gmt":"2024-09-12T20:20:23","slug":"horarios-do-pre-escolar-1o-ciclo-2o-e-3o-ciclos-para-2024-2025","status":"publish","type":"post","link":"https:\/\/aeboaagua.org\/ebiba\/horarios-do-pre-escolar-1o-ciclo-2o-e-3o-ciclos-para-2024-2025\/","title":{"rendered":"<a rel=\"noreferrer noopener\" href=\"http:\/\/aeboaagua.org\/Horarios\/HorTurmas.htm\" target=\"_blank\">Hor\u00e1rios do Pr\u00e9 Escolar, 1\u00ba Ciclo, 2\u00ba e 3\u00ba Ciclos para 2024\/2025<\/a>"},"content":{"rendered":"\n<p>Encontram-se no menu da barra lateral os <a rel=\"noreferrer noopener\" href=\"http:\/\/aeboaagua.org\/Horarios\/HorTurmas.htm\" target=\"_blank\">Hor\u00e1rios 2024\/2025<\/a>.<\/p>\n\n\n\n<p>Basta clicar no link indicado anteriormente e selecionar a respetiva escola ou turma, para visualizar o hor\u00e1rio.<\/p>\n\n\n\n<p>Bom ano letivo!<\/p>\n\n\n\n<p><a rel=\"noreferrer noopener\" href=\"http:\/\/aeboaagua.org\/Horarios\/HorTurmas.htm\" target=\"_blank\">Hor\u00e1rios do Pr\u00e9 Escolar, 1\u00ba Ciclo, 2\u00ba e 3\u00ba Ciclos para 2024\/2025<\/a><\/p>\n","protected":false},"excerpt":{"rendered":"<p>Encontram-se no menu da barra lateral os Hor\u00e1rios 2024\/2025. Basta clicar no link indicado anteriormente e selecionar a respetiva escola ou turma, para visualizar o hor\u00e1rio. Bom ano letivo! Hor\u00e1rios do Pr\u00e9 Escolar, 1\u00ba Ciclo, 2\u00ba e 3\u00ba Ciclos para 2024\/2025<\/p>\n","protected":false},"author":15,"featured_media":0,"comment_status":"closed","ping_status":"open","sticky":false,"template":"","format":"standard","meta":{"footnotes":""},"categories":[4,80,20,88,3],"tags":[54,98,73,61,75],"class_list":["post-8867","post","type-post","status-publish","format-standard","hentry","category-alunos","category-comunidade-escolar","category-encarregados-de-educacao","category-horarios","category-infos","tag-alunos","tag-horarios-2","tag-horarios","tag-informacoes","tag-turmas"],"_links":{"self":[{"href":"https:\/\/aeboaagua.org\/ebiba\/wp-json\/wp\/v2\/posts\/8867","targetHints":{"allow":["GET"]}}],"collection":[{"href":"https:\/\/aeboaagua.org\/ebiba\/wp-json\/wp\/v2\/posts"}],"about":[{"href":"https:\/\/aeboaagua.org\/ebiba\/wp-json\/wp\/v2\/types\/post"}],"author":[{"embeddable":true,"href":"https:\/\/aeboaagua.org\/ebiba\/wp-json\/wp\/v2\/users\/15"}],"replies":[{"embeddable":true,"href":"https:\/\/aeboaagua.org\/ebiba\/wp-json\/wp\/v2\/comments?post=8867"}],"version-history":[{"count":1,"href":"https:\/\/aeboaagua.org\/ebiba\/wp-json\/wp\/v2\/posts\/8867\/revisions"}],"predecessor-version":[{"id":8868,"href":"https:\/\/aeboaagua.org\/ebiba\/wp-json\/wp\/v2\/posts\/8867\/revisions\/8868"}],"wp:attachment":[{"href":"https:\/\/aeboaagua.org\/ebiba\/wp-json\/wp\/v2\/media?parent=8867"}],"wp:term":[{"taxonomy":"category","embeddable":true,"href":"https:\/\/aeboaagua.org\/ebiba\/wp-json\/wp\/v2\/categories?post=8867"},{"taxonomy":"post_tag","embeddable":true,"href":"https:\/\/aeboaagua.org\/ebiba\/wp-json\/wp\/v2\/tags?post=8867"}],"curies":[{"name":"wp","href":"https:\/\/api.w.org\/{rel}","templated":true}]}}