{"id":8854,"date":"2024-09-10T10:32:42","date_gmt":"2024-09-10T10:32:42","guid":{"rendered":"https:\/\/aeboaagua.org\/ebiba\/?p=8854"},"modified":"2024-09-10T22:36:28","modified_gmt":"2024-09-10T22:36:28","slug":"reuniao-inicio-de-ano-letivo-com-ee-de-pre-e-1ociclo","status":"publish","type":"post","link":"https:\/\/aeboaagua.org\/ebiba\/reuniao-inicio-de-ano-letivo-com-ee-de-pre-e-1ociclo\/","title":{"rendered":"Reuni\u00e3o in\u00edcio de ano letivo com EE de Pr\u00e9 e 1\u00baCiclo"},"content":{"rendered":"\n<p>Informam-se os Encarregados de Educa\u00e7\u00e3o que as reuni\u00f5es presenciais (somente para EE) de in\u00edcio de ano letivo decorrer\u00e3o\u00a0<strong contenteditable=\"true\">no pr\u00f3ximo dia 13 de setembro, <\/strong>de acordo com os hor\u00e1rios publicados abaixo.<\/p>\n\n\n\n<p class=\"has-text-align-center\">JI Pinhal General<\/p>\n\n\n\n<figure class=\"wp-block-table\"><table><tbody><tr><td class=\"has-text-align-center\" data-align=\"center\">Turmas<\/td><td class=\"has-text-align-center\" data-align=\"center\">Hor\u00e1rio<\/td><\/tr><tr><td class=\"has-text-align-center\" data-align=\"center\">Pr\u00e9<\/td><td class=\"has-text-align-center\" data-align=\"center\">14h<\/td><\/tr><\/tbody><\/table><\/figure>\n\n\n\n<p class=\"has-text-align-center\">EBI da Boa \u00c1gua<\/p>\n\n\n\n<figure class=\"wp-block-table\"><table><tbody><tr><td class=\"has-text-align-center\" data-align=\"center\">Turmas<\/td><td class=\"has-text-align-center\" data-align=\"center\">Hor\u00e1rio<\/td><\/tr><tr><td class=\"has-text-align-center\" data-align=\"center\">2H,3H,3I,3J,4H<\/td><td class=\"has-text-align-center\" data-align=\"center\">10h30m &nbsp;<\/td><\/tr><tr><td class=\"has-text-align-center\" data-align=\"center\">1\u00baH1\u00baI,1\u00baJ,1\u00baK,2\u00baI<\/td><td class=\"has-text-align-center\" data-align=\"center\">15h30m &nbsp;<\/td><\/tr><\/tbody><\/table><\/figure>\n\n\n\n<p class=\"has-text-align-center\">EB1\/JI do Pinhal General<\/p>\n\n\n\n<figure class=\"wp-block-table\"><table><tbody><tr><td class=\"has-text-align-center\" data-align=\"center\">Turmas<\/td><td class=\"has-text-align-center\" data-align=\"center\">Hor\u00e1rio<\/td><\/tr><tr><td class=\"has-text-align-center\" data-align=\"center\">Pr\u00e9<\/td><td class=\"has-text-align-center\" data-align=\"center\">9h<\/td><\/tr><tr><td class=\"has-text-align-center\" data-align=\"center\">1\u00ba ano<\/td><td class=\"has-text-align-center\" data-align=\"center\">09h30 &nbsp;<\/td><\/tr><tr><td class=\"has-text-align-center\" data-align=\"center\">2,3\u00ba e 4\u00ba anos<\/td><td class=\"has-text-align-center\" data-align=\"center\">10h &nbsp;<\/td><\/tr><\/tbody><\/table><\/figure>\n\n\n\n<p class=\"has-text-align-center\">EB1 n\u00ba 2 da Quinta do Conde<\/p>\n\n\n\n<figure class=\"wp-block-table\"><table><tbody><tr><td class=\"has-text-align-center\" data-align=\"center\">Turmas<\/td><td class=\"has-text-align-center\" data-align=\"center\">Hor\u00e1rio<\/td><\/tr><tr><td class=\"has-text-align-center\" data-align=\"center\">&nbsp;Pr\u00e9, 1\u00ba, 2\u00ba, 3\u00ba e 4\u00ba anos<\/td><td class=\"has-text-align-center\" data-align=\"center\">9h30<\/td><\/tr><\/tbody><\/table><\/figure>\n\n\n\n<p>A partir de dia 16 de Setembro, as aulas decorrer\u00e3o no per\u00edodo normal de funcionamento previsto para cada uma das turmas<\/p>\n","protected":false},"excerpt":{"rendered":"<p>Informam-se os Encarregados de Educa\u00e7\u00e3o que as reuni\u00f5es presenciais (somente para EE) de in\u00edcio de ano letivo decorrer\u00e3o\u00a0no pr\u00f3ximo dia 13 de setembro, de acordo com os hor\u00e1rios publicados abaixo. JI Pinhal General Turmas Hor\u00e1rio Pr\u00e9 14h EBI da Boa \u00c1gua Turmas Hor\u00e1rio 2H,3H,3I,3J,4H 10h30m &nbsp; 1\u00baH1\u00baI,1\u00baJ,1\u00baK,2\u00baI 15h30m &nbsp; EB1\/JI do Pinhal General Turmas Hor\u00e1rio Pr\u00e9 9h 1\u00ba ano 09h30<\/p>\n","protected":false},"author":6,"featured_media":0,"comment_status":"closed","ping_status":"open","sticky":false,"template":"","format":"standard","meta":{"footnotes":""},"categories":[9],"tags":[],"class_list":["post-8854","post","type-post","status-publish","format-standard","hentry","category-geral"],"_links":{"self":[{"href":"https:\/\/aeboaagua.org\/ebiba\/wp-json\/wp\/v2\/posts\/8854","targetHints":{"allow":["GET"]}}],"collection":[{"href":"https:\/\/aeboaagua.org\/ebiba\/wp-json\/wp\/v2\/posts"}],"about":[{"href":"https:\/\/aeboaagua.org\/ebiba\/wp-json\/wp\/v2\/types\/post"}],"author":[{"embeddable":true,"href":"https:\/\/aeboaagua.org\/ebiba\/wp-json\/wp\/v2\/users\/6"}],"replies":[{"embeddable":true,"href":"https:\/\/aeboaagua.org\/ebiba\/wp-json\/wp\/v2\/comments?post=8854"}],"version-history":[{"count":6,"href":"https:\/\/aeboaagua.org\/ebiba\/wp-json\/wp\/v2\/posts\/8854\/revisions"}],"predecessor-version":[{"id":8864,"href":"https:\/\/aeboaagua.org\/ebiba\/wp-json\/wp\/v2\/posts\/8854\/revisions\/8864"}],"wp:attachment":[{"href":"https:\/\/aeboaagua.org\/ebiba\/wp-json\/wp\/v2\/media?parent=8854"}],"wp:term":[{"taxonomy":"category","embeddable":true,"href":"https:\/\/aeboaagua.org\/ebiba\/wp-json\/wp\/v2\/categories?post=8854"},{"taxonomy":"post_tag","embeddable":true,"href":"https:\/\/aeboaagua.org\/ebiba\/wp-json\/wp\/v2\/tags?post=8854"}],"curies":[{"name":"wp","href":"https:\/\/api.w.org\/{rel}","templated":true}]}}