{"id":8832,"date":"2024-08-26T08:34:04","date_gmt":"2024-08-26T08:34:04","guid":{"rendered":"https:\/\/aeboaagua.org\/ebiba\/?p=8832"},"modified":"2024-09-01T09:22:27","modified_gmt":"2024-09-01T09:22:27","slug":"horarios-das-turmas-do-1o-ciclo-da-ebi-boa-agua-ano-letivo-2024-2025","status":"publish","type":"post","link":"https:\/\/aeboaagua.org\/ebiba\/horarios-das-turmas-do-1o-ciclo-da-ebi-boa-agua-ano-letivo-2024-2025\/","title":{"rendered":"Hor\u00e1rios das Turmas do 1\u00ba Ciclo da EBI Boa \u00c1gua \u2013 Ano Letivo 2024\/2025"},"content":{"rendered":"\n<p>O Agrupamento de Escolas da Boa \u00c1gua informa que, devido \u00e0 necessidade de cria\u00e7\u00e3o de novas turmas de 1\u00ba Ciclo na escola sede, os hor\u00e1rios para o ano letivo 2024\/2025 ser\u00e3o os seguintes:<\/p>\n\n\n\n<ul class=\"wp-block-list\">\n<li><strong contenteditable=\"true\">2\u00ba H, 3\u00ba H, 3\u00ba I, 3\u00ba J, 4\u00ba H<\/strong>: das 08h10 \u00e0s 13h10<\/li>\n\n\n\n<li><strong contenteditable=\"true\">1\u00ba H, 1\u00ba I, 1\u00ba J, <\/strong><strong contenteditable=\"true\">1<\/strong><strong contenteditable=\"true\">\u00ba<\/strong><strong contenteditable=\"true\"> <\/strong><strong contenteditable=\"true\">K<\/strong><strong> <\/strong><strong contenteditable=\"true\"> 2\u00ba I<\/strong>: das 13h30 \u00e0s 18h30<\/li>\n<\/ul>\n\n\n\n<p>Os hor\u00e1rios nas restantes escolas permanecer\u00e3o inalterados.<\/p>\n","protected":false},"excerpt":{"rendered":"<p>O Agrupamento de Escolas da Boa \u00c1gua informa que, devido \u00e0 necessidade de cria\u00e7\u00e3o de novas turmas de 1\u00ba Ciclo na escola sede, os hor\u00e1rios para o ano letivo 2024\/2025 ser\u00e3o os seguintes: Os hor\u00e1rios nas restantes escolas permanecer\u00e3o inalterados.<\/p>\n","protected":false},"author":6,"featured_media":0,"comment_status":"closed","ping_status":"open","sticky":false,"template":"","format":"standard","meta":{"footnotes":""},"categories":[9],"tags":[],"class_list":["post-8832","post","type-post","status-publish","format-standard","hentry","category-geral"],"_links":{"self":[{"href":"https:\/\/aeboaagua.org\/ebiba\/wp-json\/wp\/v2\/posts\/8832","targetHints":{"allow":["GET"]}}],"collection":[{"href":"https:\/\/aeboaagua.org\/ebiba\/wp-json\/wp\/v2\/posts"}],"about":[{"href":"https:\/\/aeboaagua.org\/ebiba\/wp-json\/wp\/v2\/types\/post"}],"author":[{"embeddable":true,"href":"https:\/\/aeboaagua.org\/ebiba\/wp-json\/wp\/v2\/users\/6"}],"replies":[{"embeddable":true,"href":"https:\/\/aeboaagua.org\/ebiba\/wp-json\/wp\/v2\/comments?post=8832"}],"version-history":[{"count":2,"href":"https:\/\/aeboaagua.org\/ebiba\/wp-json\/wp\/v2\/posts\/8832\/revisions"}],"predecessor-version":[{"id":8838,"href":"https:\/\/aeboaagua.org\/ebiba\/wp-json\/wp\/v2\/posts\/8832\/revisions\/8838"}],"wp:attachment":[{"href":"https:\/\/aeboaagua.org\/ebiba\/wp-json\/wp\/v2\/media?parent=8832"}],"wp:term":[{"taxonomy":"category","embeddable":true,"href":"https:\/\/aeboaagua.org\/ebiba\/wp-json\/wp\/v2\/categories?post=8832"},{"taxonomy":"post_tag","embeddable":true,"href":"https:\/\/aeboaagua.org\/ebiba\/wp-json\/wp\/v2\/tags?post=8832"}],"curies":[{"name":"wp","href":"https:\/\/api.w.org\/{rel}","templated":true}]}}