{"id":8752,"date":"2024-06-12T17:24:24","date_gmt":"2024-06-12T17:24:24","guid":{"rendered":"https:\/\/aeboaagua.org\/ebiba\/?p=8752"},"modified":"2024-06-12T17:24:24","modified_gmt":"2024-06-12T17:24:24","slug":"sessao-de-esclarecimento-camara-municipal-de-sesimbra","status":"publish","type":"post","link":"https:\/\/aeboaagua.org\/ebiba\/sessao-de-esclarecimento-camara-municipal-de-sesimbra\/","title":{"rendered":"Sess\u00e3o de Esclarecimento &#8211; C\u00e2mara Municipal de Sesimbra"},"content":{"rendered":"\n<p>Pede-nos a C\u00e2mara Municipal de Sesimbra o encaminhamento da seguinte informa\u00e7\u00e3o:<\/p>\n\n\n\n<p>&#8220;Vimos pelo presente informar V. Exa. que \u00e9 inten\u00e7\u00e3o da autarquia\u00a0 (Departamento de Educa\u00e7\u00e3o \u2013 Divis\u00e3o de Gest\u00e3o de Equipamentos e Recursos Educativos) realizar uma breve sess\u00e3o de esclarecimentos com todos os pais\/Encarregados de Educa\u00e7\u00e3o cujo os educandos\/alunos frequentam a Educa\u00e7\u00e3o Pr\u00e9-Escolar e o 1\u00ba. Ciclo do Ensino B\u00e1sico no Vosso Agrupamento.<\/p>\n\n\n\n<p>A referida sess\u00e3o ser\u00e1 realizada no dia&nbsp;&nbsp;<strong>21&nbsp;de junho de 2024, pelas 18h30.<\/strong><\/p>\n\n\n\n<p>A mesma,&nbsp; &nbsp;tem como objetivo de esclarecer os diversos&nbsp; apoios educativos e eventuais duvidas que possam surgir dos encarregados de educa\u00e7\u00e3o nos procedimentos a vigorar no pr\u00f3ximo ano letivo.<\/p>\n\n\n\n<p>Caso V. Exa. pretenda assistir \u00e0 sess\u00e3o de esclarecimentos ou indicar algu\u00e9m\u00a0 para esse efeito poder\u00e1 utilizar o link abaixo indicado.<\/p>\n\n\n\n<p><a href=\"https:\/\/teams.microsoft.com\/l\/meetup-join\/19%3ameeting_ZGRmMzEyNjQtMDExNi00NzBiLTkyMTItNDA0ODBiMjYxMDQ5%40thread.v2\/0?context=%7b%22Tid%22%3a%22c6b4a932-dbd6-4f70-a15c-31289c0dbb46%22%2c%22Oid%22%3a%22f3ba3f4a-8280-4605-8c78-dbe60428ac12%22%7d\">LINK<\/a><\/p>\n","protected":false},"excerpt":{"rendered":"<p>Pede-nos a C\u00e2mara Municipal de Sesimbra o encaminhamento da seguinte informa\u00e7\u00e3o: &#8220;Vimos pelo presente informar V. Exa. que \u00e9 inten\u00e7\u00e3o da autarquia\u00a0 (Departamento de Educa\u00e7\u00e3o \u2013 Divis\u00e3o de Gest\u00e3o de Equipamentos e Recursos Educativos) realizar uma breve sess\u00e3o de esclarecimentos com todos os pais\/Encarregados de Educa\u00e7\u00e3o cujo os educandos\/alunos frequentam a Educa\u00e7\u00e3o Pr\u00e9-Escolar e o 1\u00ba. Ciclo do Ensino B\u00e1sico<\/p>\n","protected":false},"author":6,"featured_media":0,"comment_status":"closed","ping_status":"open","sticky":false,"template":"","format":"standard","meta":{"footnotes":""},"categories":[9],"tags":[],"class_list":["post-8752","post","type-post","status-publish","format-standard","hentry","category-geral"],"_links":{"self":[{"href":"https:\/\/aeboaagua.org\/ebiba\/wp-json\/wp\/v2\/posts\/8752","targetHints":{"allow":["GET"]}}],"collection":[{"href":"https:\/\/aeboaagua.org\/ebiba\/wp-json\/wp\/v2\/posts"}],"about":[{"href":"https:\/\/aeboaagua.org\/ebiba\/wp-json\/wp\/v2\/types\/post"}],"author":[{"embeddable":true,"href":"https:\/\/aeboaagua.org\/ebiba\/wp-json\/wp\/v2\/users\/6"}],"replies":[{"embeddable":true,"href":"https:\/\/aeboaagua.org\/ebiba\/wp-json\/wp\/v2\/comments?post=8752"}],"version-history":[{"count":2,"href":"https:\/\/aeboaagua.org\/ebiba\/wp-json\/wp\/v2\/posts\/8752\/revisions"}],"predecessor-version":[{"id":8754,"href":"https:\/\/aeboaagua.org\/ebiba\/wp-json\/wp\/v2\/posts\/8752\/revisions\/8754"}],"wp:attachment":[{"href":"https:\/\/aeboaagua.org\/ebiba\/wp-json\/wp\/v2\/media?parent=8752"}],"wp:term":[{"taxonomy":"category","embeddable":true,"href":"https:\/\/aeboaagua.org\/ebiba\/wp-json\/wp\/v2\/categories?post=8752"},{"taxonomy":"post_tag","embeddable":true,"href":"https:\/\/aeboaagua.org\/ebiba\/wp-json\/wp\/v2\/tags?post=8752"}],"curies":[{"name":"wp","href":"https:\/\/api.w.org\/{rel}","templated":true}]}}