{"id":8736,"date":"2024-06-06T11:36:38","date_gmt":"2024-06-06T11:36:38","guid":{"rendered":"https:\/\/aeboaagua.org\/ebiba\/?p=8736"},"modified":"2024-06-06T11:39:56","modified_gmt":"2024-06-06T11:39:56","slug":"acao-social-escolar-2-o-e-3-o-ciclos-candidatura-anual-2","status":"publish","type":"post","link":"https:\/\/aeboaagua.org\/ebiba\/acao-social-escolar-2-o-e-3-o-ciclos-candidatura-anual-2\/","title":{"rendered":"A\u00e7\u00e3o Social Escolar &#8211; 2.\u00ba e 3.\u00ba ciclos    &#8211; Candidatura anual"},"content":{"rendered":"\n<p><br>Informa-se que poder\u00e1 efetuar, atrav\u00e9s do endere\u00e7o eletr\u00f3nico <a rel=\"noreferrer noopener\" href=\"mailto:secretaria@aeboaagua.org\" target=\"_blank\">secretaria@aeboaagua.org<\/a> ou presencialmente, a candidatura anual aos apoios da A\u00e7\u00e3o Social Escolar (ASE) para o pr\u00f3ximo ano letivo.<br><\/p>\n\n\n\n<p><a href=\"https:\/\/aeboaagua.org\/ebiba\/wp-content\/uploads\/2024\/06\/formulario-de-candidatura.pdf\"><strong>&gt;Impresso de candidatura<\/strong><\/a><\/p>\n\n\n\n<h4 class=\"wp-block-heading\">Prazos de envio ou entrega das candidaturas:<\/h4>\n\n\n\n<p>1.a fase: de 1 de julho a 23 de julho de 2024<br>Afixa\u00e7\u00e3o das primeiras listas: 1 de agosto de 2024<br>2.a fase: de 2 de setembro a 6 de setembro de 2024<br>Afixa\u00e7\u00e3o das listas: 23 de setembro de 2024<\/p>\n\n\n\n<p><\/p>\n\n\n\n<p><strong>Documentos a apresentar (fotoc\u00f3pias ou digitaliza\u00e7\u00e3o):<\/strong><\/p>\n\n\n\n<ul class=\"wp-block-list\">\n<li>Declara\u00e7\u00e3o da Seguran\u00e7a Social do ano de 2023 com a indica\u00e7\u00e3o do escal\u00e3o de abono de fam\u00edlia do<br>agregado familiar;<\/li>\n\n\n\n<li>Declara\u00e7\u00e3o passada pelo Centro de Emprego, no caso de um dos progenitores estar desempregado<br>h\u00e1 mais de 3 meses e lhe esteja atribu\u00eddo o 2.o escal\u00e3o do abono de fam\u00edlia;<\/li>\n\n\n\n<li>Outros (se necess\u00e1rio).<br>Aten\u00e7\u00e3o<\/li>\n\n\n\n<li>S\u00f3 ser\u00e3o recebidas as candidaturas que apresentarem a documenta\u00e7\u00e3o, bem como o preenchimento completo de todos os campos do&nbsp;<a href=\"https:\/\/aeboaagua.org\/ebiba\/wp-content\/uploads\/2023\/06\/formulario-de-candidatura.pdf\" target=\"_blank\" rel=\"noreferrer noopener\">impresso de candidatura.<\/a><\/li>\n\n\n\n<li>Ap\u00f3s os prazos estabelecidos, s\u00f3 ser\u00e3o aceites candidaturas em casos de transfer\u00eancias,<br>altera\u00e7\u00f5es de dados do agregado familiar e situa\u00e7\u00f5es especiais (a serem analisadas pela Dire\u00e7\u00e3o).<\/li>\n\n\n\n<li>Os candidatos \u00e0 ASE n\u00e3o podem adquirir particularmente o material escolar.<\/li>\n<\/ul>\n\n\n<div class=\"wp-block-image\">\n<figure class=\"aligncenter size-full\"><a href=\"https:\/\/aeboaagua.org\/ebiba\/wp-content\/uploads\/2024\/06\/ASE_imagem.jpg\"><img loading=\"lazy\" decoding=\"async\" width=\"314\" height=\"161\" src=\"https:\/\/aeboaagua.org\/ebiba\/wp-content\/uploads\/2024\/06\/ASE_imagem.jpg\" alt=\"\" class=\"wp-image-8738\" srcset=\"https:\/\/aeboaagua.org\/ebiba\/wp-content\/uploads\/2024\/06\/ASE_imagem.jpg 314w, https:\/\/aeboaagua.org\/ebiba\/wp-content\/uploads\/2024\/06\/ASE_imagem-300x154.jpg 300w\" sizes=\"auto, (max-width: 314px) 100vw, 314px\" \/><\/a><\/figure><\/div>\n\n\n<p><\/p>\n","protected":false},"excerpt":{"rendered":"<p>Informa-se que poder\u00e1 efetuar, atrav\u00e9s do endere\u00e7o eletr\u00f3nico secretaria@aeboaagua.org ou presencialmente, a candidatura anual aos apoios da A\u00e7\u00e3o Social Escolar (ASE) para o pr\u00f3ximo ano letivo. &gt;Impresso de candidatura Prazos de envio ou entrega das candidaturas: 1.a fase: de 1 de julho a 23 de julho de 2024Afixa\u00e7\u00e3o das primeiras listas: 1 de agosto de 20242.a fase: de 2 de<\/p>\n","protected":false},"author":9,"featured_media":0,"comment_status":"closed","ping_status":"open","sticky":false,"template":"","format":"standard","meta":{"footnotes":""},"categories":[9],"tags":[],"class_list":["post-8736","post","type-post","status-publish","format-standard","hentry","category-geral"],"_links":{"self":[{"href":"https:\/\/aeboaagua.org\/ebiba\/wp-json\/wp\/v2\/posts\/8736","targetHints":{"allow":["GET"]}}],"collection":[{"href":"https:\/\/aeboaagua.org\/ebiba\/wp-json\/wp\/v2\/posts"}],"about":[{"href":"https:\/\/aeboaagua.org\/ebiba\/wp-json\/wp\/v2\/types\/post"}],"author":[{"embeddable":true,"href":"https:\/\/aeboaagua.org\/ebiba\/wp-json\/wp\/v2\/users\/9"}],"replies":[{"embeddable":true,"href":"https:\/\/aeboaagua.org\/ebiba\/wp-json\/wp\/v2\/comments?post=8736"}],"version-history":[{"count":4,"href":"https:\/\/aeboaagua.org\/ebiba\/wp-json\/wp\/v2\/posts\/8736\/revisions"}],"predecessor-version":[{"id":8742,"href":"https:\/\/aeboaagua.org\/ebiba\/wp-json\/wp\/v2\/posts\/8736\/revisions\/8742"}],"wp:attachment":[{"href":"https:\/\/aeboaagua.org\/ebiba\/wp-json\/wp\/v2\/media?parent=8736"}],"wp:term":[{"taxonomy":"category","embeddable":true,"href":"https:\/\/aeboaagua.org\/ebiba\/wp-json\/wp\/v2\/categories?post=8736"},{"taxonomy":"post_tag","embeddable":true,"href":"https:\/\/aeboaagua.org\/ebiba\/wp-json\/wp\/v2\/tags?post=8736"}],"curies":[{"name":"wp","href":"https:\/\/api.w.org\/{rel}","templated":true}]}}