{"id":8693,"date":"2025-04-15T10:14:43","date_gmt":"2025-04-15T10:14:43","guid":{"rendered":"https:\/\/aeboaagua.org\/ebiba\/?p=8693"},"modified":"2025-06-17T13:32:35","modified_gmt":"2025-06-17T13:32:35","slug":"matriculas-2024-2025","status":"publish","type":"post","link":"https:\/\/aeboaagua.org\/ebiba\/matriculas-2024-2025\/","title":{"rendered":"Matr\u00edculas 2025\/2026"},"content":{"rendered":"\n<p>O calend\u00e1rio das matr\u00edculas escolares para o ano letivo 2025\/2026 j\u00e1 foi divulgado pelo Minist\u00e9rio da Educa\u00e7\u00e3o. <br>Em 2025, o calend\u00e1rio das matr\u00edculas \u00e9 o seguinte:<\/p>\n\n\n\n<ul class=\"wp-block-list\">\n<li><strong>Pr\u00e9-escolar&nbsp;e 1.\u00ba ano do ensino b\u00e1sico<\/strong>: 22 de abril a 31 de maio<\/li>\n\n\n\n<li><strong>2.\u00ba, 3.\u00ba, 4.\u00ba e 5.\u00ba anos<\/strong>: 1 de julho a 11 de julho<\/li>\n\n\n\n<li><strong>6.\u00ba, 7.\u00ba, 8.\u00ba, 9.\u00ba e 11.\u00ba anos<\/strong>: 16 de junho a 27 de junho<\/li>\n\n\n\n<li><strong>10.\u00ba e 12.\u00ba anos<\/strong>: 15 de julho a 22 de julho<\/li>\n\n\n\n<li>Em caso de reprova\u00e7\u00e3o, deve renovar a matr\u00edcula nas datas assinaladas em cima, no per\u00edodo que corresponde ao ano que se repete.&nbsp;<\/li>\n\n\n\n<li><strong>No caso dos alunos que v\u00e3o para o 2.\u00ba, 3.\u00ba, 4.\u00ba, 6.\u00ba, 8.\u00ba e 9.\u00ba ano, a renova\u00e7\u00e3o de matr\u00edcula faz-se no Inovar, atualizando os dados. Caso n\u00e3o haja altera\u00e7\u00e3o de dados, a renova\u00e7\u00e3o est\u00e1 feita automaticamente. Exce\u00e7\u00e3o: pedidos de transfer\u00eancia, que s\u00e3o feitos no Portal das Matr\u00edculas.<\/strong><\/li>\n<\/ul>\n\n\n\n<p>As Candidaturas aos Servi\u00e7os da Educa\u00e7\u00e3o para o ano letivo 2025\/2026, s\u00e3o feitas junto da C\u00e2mara Municipal de Sesimbra, nomeadamente:<\/p>\n\n\n\n<ul class=\"wp-block-list\">\n<li><strong>Pr\u00e9-Escolar&nbsp;<\/strong>&#8211; AAAF e Servi\u00e7o de Refei\u00e7\u00f5es Escolares;<\/li>\n\n\n\n<li><strong>1.\u00ba ciclo do ensino b\u00e1sico<\/strong>&nbsp;&#8211; CAF, AEC, Servi\u00e7o de Refei\u00e7\u00f5es Escolares e Aux\u00edlios Econ\u00f3micos (os \u00faltimos, para alunos posicionados com 1.\u00ba e 2.\u00ba escal\u00f5es de abono de fam\u00edlia).<\/li>\n<\/ul>\n\n\n\n<p>Para mais informa\u00e7\u00f5es \u00fateis, sugere- se a consulta do Portal SER&nbsp;<a href=\"https:\/\/www.sesimbra.pt\/ser\/apoios\/apoios-alunos\" target=\"_blank\" rel=\"noreferrer noopener\">https:\/\/www.sesimbra.pt\/ser\/apoios\/apoios-alunos<\/a>, <\/p>\n\n\n\n<p><\/p>\n\n\n\n<h2 class=\"wp-block-heading\">Matr\u00edcula ou renova\u00e7\u00e3o de matr\u00edcula: como funciona?<\/h2>\n\n\n\n<p>A&nbsp;<strong>matr\u00edcula<\/strong>&nbsp;\u00e9 a primeira inscri\u00e7\u00e3o na educa\u00e7\u00e3o pr\u00e9-escolar ou na escolaridade obrigat\u00f3ria (1.\u00ba ano do 1.\u00ba ciclo do ensino b\u00e1sico ou qualquer outro ano caso se trate da transfer\u00eancia de alunos oriundos de sistemas de ensino estrangeiros).<\/p>\n\n\n\n<p>J\u00e1 a&nbsp;<strong>renova\u00e7\u00e3o da matr\u00edcula<\/strong>&nbsp;acontece sempre que:<\/p>\n\n\n\n<ul class=\"wp-block-list\">\n<li>Uma crian\u00e7a permane\u00e7a na educa\u00e7\u00e3o pr\u00e9-escolar<\/li>\n\n\n\n<li>Um aluno transita (ou n\u00e3o) de ano letivo.<\/li>\n<\/ul>\n\n\n\n<p>A renova\u00e7\u00e3o de matr\u00edcula opera-se de forma autom\u00e1tica, sem necessidade de apresenta\u00e7\u00e3o de pedido, sendo o processo de renova\u00e7\u00e3o assegurado pelos estabelecimentos de educa\u00e7\u00e3o e de ensino.<\/p>\n\n\n\n<p>As exce\u00e7\u00f5es s\u00e3o as seguintes situa\u00e7\u00f5es:<\/p>\n\n\n\n<ul class=\"wp-block-list\">\n<li>O aluno ou crian\u00e7a muda de estabelecimento de educa\u00e7\u00e3o ou de ensino<\/li>\n\n\n\n<li>Altera\u00e7\u00e3o do encarregado de educa\u00e7\u00e3o<\/li>\n\n\n\n<li>Mudan\u00e7a de curso ou de percurso formativo<\/li>\n\n\n\n<li>\u00c9 necess\u00e1rio escolher novas disciplinas.<\/li>\n<\/ul>\n\n\n\n<p>O pedido de matr\u00edcula \u00e9 apresentado, preferencialmente, via Internet na aplica\u00e7\u00e3o <strong>Portal das Matr\u00edculas <\/strong>(<a href=\"https:\/\/portaldasmatriculas.edu.gov.pt\/pmat\/#\/portal\/home\">portaldasmatriculas.edu.gov.pt<\/a>), com o recurso a uma das seguintes formas de autentica\u00e7\u00e3o:<\/p>\n\n\n\n<p> 1. Cart\u00e3o de cidad\u00e3o, chave m\u00f3vel digital ou credenciais de acesso ao Portal das Finan\u00e7as.<\/p>\n\n\n\n<p>2. N\u00e3o sendo poss\u00edvel cumprir o disposto no n\u00famero anterior, o pedido de matr\u00edcula pode ser apresentado de&nbsp;<strong contenteditable=\"true\">modo presencial (a partir de 24<\/strong><strong contenteditable=\"true\">\/04\/2025)<\/strong>, na sede do Agrupamento de Escolas da Boa \u00c1gua \u2013 Escola B\u00e1sica da Boa \u00c1gua (<strong contenteditable=\"true\">se este for o Agrupamento da \u00e1rea de resid\u00eancia do aluno<\/strong>), onde os servi\u00e7os competentes proceder\u00e3o ao registo eletr\u00f3nico, mediante marca\u00e7\u00e3o pr\u00e9via pelo telefone<strong contenteditable=\"true\">: 212110460 ou 212110461.<\/strong><\/p>\n\n\n\n<p>Qualquer esclarecimento adicional deve contactar atrav\u00e9s do email:<strong>matriculas@aeboaagua.org<\/strong>.<\/p>\n\n\n\n<p><strong>Este atendimento ser\u00e1 feito de acordo com hor\u00e1rio dispon\u00edvel de  segunda-feira a sexta-feira.<\/strong>&nbsp;<\/p>\n\n\n\n<p><\/p>\n\n\n\n<p>Poder\u00e1 sempre o Encarregado de Educa\u00e7\u00e3o visualizar o estado da matr\u00edcula do seu educando atrav\u00e9s da plataforma&nbsp;<a rel=\"noreferrer noopener\" href=\"https:\/\/portaldasmatriculas.edu.gov.pt\/pmat\/#\/portal\/home\" target=\"_blank\"><strong>Portal das Matr\u00edculas&nbsp;<\/strong><\/a>.<\/p>\n\n\n\n<p><\/p>\n\n\n\n<p><a href=\"https:\/\/aeboaagua.org\/ebiba\/wp-content\/uploads\/2021\/04\/Escolas-Quinta-do-Conde.pdf\">Escolas-Quinta-do-CondeDescarregar<\/a><\/p>\n\n\n\n<p><a rel=\"noreferrer noopener\" href=\"https:\/\/files.dre.pt\/2s\/2020\/04\/078000000\/0007900097.pdf\" target=\"_blank\">Despacho Normativo n.\u00ba 5\/2020<\/a><\/p>\n\n\n\n<p><a href=\"https:\/\/www.gesedu.pt\/PesquisaRede\">Plataforma Rede Escolas<\/a>&nbsp;<\/p>\n\n\n\n<p>Para mais quest\u00f5es consultar:<\/p>\n\n\n\n<p>&nbsp;<a href=\"https:\/\/www.dgeste.mec.pt\/sinf\/faqsmatriculas\/\">https:\/\/www.dgeste.mec.pt\/sinf\/faqsmatriculas\/<\/a><\/p>\n","protected":false},"excerpt":{"rendered":"<p>O calend\u00e1rio das matr\u00edculas escolares para o ano letivo 2025\/2026 j\u00e1 foi divulgado pelo Minist\u00e9rio da Educa\u00e7\u00e3o. Em 2025, o calend\u00e1rio das matr\u00edculas \u00e9 o seguinte: As Candidaturas aos Servi\u00e7os da Educa\u00e7\u00e3o para o ano letivo 2025\/2026, s\u00e3o feitas junto da C\u00e2mara Municipal de Sesimbra, nomeadamente: Para mais informa\u00e7\u00f5es \u00fateis, sugere- se a consulta do Portal SER&nbsp;https:\/\/www.sesimbra.pt\/ser\/apoios\/apoios-alunos, Matr\u00edcula ou renova\u00e7\u00e3o<\/p>\n","protected":false},"author":6,"featured_media":0,"comment_status":"closed","ping_status":"open","sticky":false,"template":"","format":"standard","meta":{"footnotes":""},"categories":[9],"tags":[],"class_list":["post-8693","post","type-post","status-publish","format-standard","hentry","category-geral"],"_links":{"self":[{"href":"https:\/\/aeboaagua.org\/ebiba\/wp-json\/wp\/v2\/posts\/8693","targetHints":{"allow":["GET"]}}],"collection":[{"href":"https:\/\/aeboaagua.org\/ebiba\/wp-json\/wp\/v2\/posts"}],"about":[{"href":"https:\/\/aeboaagua.org\/ebiba\/wp-json\/wp\/v2\/types\/post"}],"author":[{"embeddable":true,"href":"https:\/\/aeboaagua.org\/ebiba\/wp-json\/wp\/v2\/users\/6"}],"replies":[{"embeddable":true,"href":"https:\/\/aeboaagua.org\/ebiba\/wp-json\/wp\/v2\/comments?post=8693"}],"version-history":[{"count":9,"href":"https:\/\/aeboaagua.org\/ebiba\/wp-json\/wp\/v2\/posts\/8693\/revisions"}],"predecessor-version":[{"id":9103,"href":"https:\/\/aeboaagua.org\/ebiba\/wp-json\/wp\/v2\/posts\/8693\/revisions\/9103"}],"wp:attachment":[{"href":"https:\/\/aeboaagua.org\/ebiba\/wp-json\/wp\/v2\/media?parent=8693"}],"wp:term":[{"taxonomy":"category","embeddable":true,"href":"https:\/\/aeboaagua.org\/ebiba\/wp-json\/wp\/v2\/categories?post=8693"},{"taxonomy":"post_tag","embeddable":true,"href":"https:\/\/aeboaagua.org\/ebiba\/wp-json\/wp\/v2\/tags?post=8693"}],"curies":[{"name":"wp","href":"https:\/\/api.w.org\/{rel}","templated":true}]}}