{"id":8509,"date":"2023-09-14T18:32:03","date_gmt":"2023-09-14T18:32:03","guid":{"rendered":"https:\/\/aeboaagua.org\/ebiba\/?p=8509"},"modified":"2023-09-14T18:32:03","modified_gmt":"2023-09-14T18:32:03","slug":"horarios-do-pre-escolar-1o-ciclo-2o-e-3o-ciclos-para-2023-2024","status":"publish","type":"post","link":"https:\/\/aeboaagua.org\/ebiba\/horarios-do-pre-escolar-1o-ciclo-2o-e-3o-ciclos-para-2023-2024\/","title":{"rendered":"Hor\u00e1rios do Pr\u00e9 Escolar, 1\u00ba Ciclo, 2\u00ba e 3\u00ba Ciclos para 2023\/2024"},"content":{"rendered":"\n<p>Encontram-se no menu da barra lateral os <a href=\"http:\/\/aeboaagua.org\/Horarios\/HorTurmas.htm\" target=\"_blank\" rel=\"noreferrer noopener\">Hor\u00e1rios 2023\/2024<\/a>.<\/p>\n\n\n\n<p>Basta clicar no link indicado anteriormente e selecionar a respetiva escola ou turma, para visualizar o hor\u00e1rio.<\/p>\n\n\n\n<p>Bom ano letivo!<\/p>\n\n\n\n<p><a rel=\"noreferrer noopener\" href=\"http:\/\/aeboaagua.org\/Horarios\/HorTurmas.htm\" target=\"_blank\">Hor\u00e1rios do Pr\u00e9 Escolar, 1\u00ba Ciclo, 2\u00ba e 3\u00ba Ciclos para 2023\/2024<\/a><\/p>\n","protected":false},"excerpt":{"rendered":"<p>Encontram-se no menu da barra lateral os Hor\u00e1rios 2023\/2024. Basta clicar no link indicado anteriormente e selecionar a respetiva escola ou turma, para visualizar o hor\u00e1rio. Bom ano letivo! Hor\u00e1rios do Pr\u00e9 Escolar, 1\u00ba Ciclo, 2\u00ba e 3\u00ba Ciclos para 2023\/2024<\/p>\n","protected":false},"author":15,"featured_media":0,"comment_status":"closed","ping_status":"open","sticky":false,"template":"","format":"standard","meta":{"footnotes":""},"categories":[4,6,80,20,88,3],"tags":[89,74,76,73,90],"class_list":["post-8509","post","type-post","status-publish","format-standard","hentry","category-alunos","category-avisos","category-comunidade-escolar","category-encarregados-de-educacao","category-horarios","category-infos","tag-1o-ciclo","tag-2o-ciclo","tag-3o-ciclo","tag-horarios","tag-pre-escolar"],"_links":{"self":[{"href":"https:\/\/aeboaagua.org\/ebiba\/wp-json\/wp\/v2\/posts\/8509","targetHints":{"allow":["GET"]}}],"collection":[{"href":"https:\/\/aeboaagua.org\/ebiba\/wp-json\/wp\/v2\/posts"}],"about":[{"href":"https:\/\/aeboaagua.org\/ebiba\/wp-json\/wp\/v2\/types\/post"}],"author":[{"embeddable":true,"href":"https:\/\/aeboaagua.org\/ebiba\/wp-json\/wp\/v2\/users\/15"}],"replies":[{"embeddable":true,"href":"https:\/\/aeboaagua.org\/ebiba\/wp-json\/wp\/v2\/comments?post=8509"}],"version-history":[{"count":1,"href":"https:\/\/aeboaagua.org\/ebiba\/wp-json\/wp\/v2\/posts\/8509\/revisions"}],"predecessor-version":[{"id":8510,"href":"https:\/\/aeboaagua.org\/ebiba\/wp-json\/wp\/v2\/posts\/8509\/revisions\/8510"}],"wp:attachment":[{"href":"https:\/\/aeboaagua.org\/ebiba\/wp-json\/wp\/v2\/media?parent=8509"}],"wp:term":[{"taxonomy":"category","embeddable":true,"href":"https:\/\/aeboaagua.org\/ebiba\/wp-json\/wp\/v2\/categories?post=8509"},{"taxonomy":"post_tag","embeddable":true,"href":"https:\/\/aeboaagua.org\/ebiba\/wp-json\/wp\/v2\/tags?post=8509"}],"curies":[{"name":"wp","href":"https:\/\/api.w.org\/{rel}","templated":true}]}}