{"id":8488,"date":"2023-09-11T15:31:49","date_gmt":"2023-09-11T15:31:49","guid":{"rendered":"https:\/\/aeboaagua.org\/ebiba\/?p=8488"},"modified":"2023-09-11T15:33:02","modified_gmt":"2023-09-11T15:33:02","slug":"rececao-aos-alunos-do-2-o-e-3-o-ciclos-2","status":"publish","type":"post","link":"https:\/\/aeboaagua.org\/ebiba\/rececao-aos-alunos-do-2-o-e-3-o-ciclos-2\/","title":{"rendered":"Rece\u00e7\u00e3o aos alunos do 2.\u00ba e 3.\u00ba ciclos"},"content":{"rendered":"\n<p>No pr\u00f3ximo dia 15 de setembro, sexta-feira, ocorrer\u00e1 a rece\u00e7\u00e3o aos alunos do 2.\u00ba e 3.\u00ba ciclos, segundo o seguinte hor\u00e1rio: <\/p>\n\n\n\n<p>9h &#8211; 13h &#8211; turmas do 5.\u00ba e 6.\u00ba anos;<\/p>\n\n\n\n<p>14,30h &#8211; 17h &#8211; turmas do 7.\u00ba, 8.\u00ba e 9.\u00ba anos.<\/p>\n\n\n\n<p>A partir da pr\u00f3xima semana, as turmas ter\u00e3o o seu hor\u00e1rio normal.<\/p>\n\n\n<div class=\"wp-block-image\">\n<figure class=\"aligncenter size-full\"><a href=\"https:\/\/aeboaagua.org\/ebiba\/wp-content\/uploads\/2023\/09\/bem_vindos.png\"><img loading=\"lazy\" decoding=\"async\" width=\"360\" height=\"226\" src=\"https:\/\/aeboaagua.org\/ebiba\/wp-content\/uploads\/2023\/09\/bem_vindos.png\" alt=\"\" class=\"wp-image-8489\" srcset=\"https:\/\/aeboaagua.org\/ebiba\/wp-content\/uploads\/2023\/09\/bem_vindos.png 360w, https:\/\/aeboaagua.org\/ebiba\/wp-content\/uploads\/2023\/09\/bem_vindos-300x188.png 300w\" sizes=\"auto, (max-width: 360px) 100vw, 360px\" \/><\/a><\/figure><\/div>","protected":false},"excerpt":{"rendered":"<p>No pr\u00f3ximo dia 15 de setembro, sexta-feira, ocorrer\u00e1 a rece\u00e7\u00e3o aos alunos do 2.\u00ba e 3.\u00ba ciclos, segundo o seguinte hor\u00e1rio: 9h &#8211; 13h &#8211; turmas do 5.\u00ba e 6.\u00ba anos; 14,30h &#8211; 17h &#8211; turmas do 7.\u00ba, 8.\u00ba e 9.\u00ba anos. A partir da pr\u00f3xima semana, as turmas ter\u00e3o o seu hor\u00e1rio normal.<\/p>\n","protected":false},"author":9,"featured_media":0,"comment_status":"closed","ping_status":"open","sticky":false,"template":"","format":"standard","meta":{"footnotes":""},"categories":[9],"tags":[],"class_list":["post-8488","post","type-post","status-publish","format-standard","hentry","category-geral"],"_links":{"self":[{"href":"https:\/\/aeboaagua.org\/ebiba\/wp-json\/wp\/v2\/posts\/8488","targetHints":{"allow":["GET"]}}],"collection":[{"href":"https:\/\/aeboaagua.org\/ebiba\/wp-json\/wp\/v2\/posts"}],"about":[{"href":"https:\/\/aeboaagua.org\/ebiba\/wp-json\/wp\/v2\/types\/post"}],"author":[{"embeddable":true,"href":"https:\/\/aeboaagua.org\/ebiba\/wp-json\/wp\/v2\/users\/9"}],"replies":[{"embeddable":true,"href":"https:\/\/aeboaagua.org\/ebiba\/wp-json\/wp\/v2\/comments?post=8488"}],"version-history":[{"count":2,"href":"https:\/\/aeboaagua.org\/ebiba\/wp-json\/wp\/v2\/posts\/8488\/revisions"}],"predecessor-version":[{"id":8491,"href":"https:\/\/aeboaagua.org\/ebiba\/wp-json\/wp\/v2\/posts\/8488\/revisions\/8491"}],"wp:attachment":[{"href":"https:\/\/aeboaagua.org\/ebiba\/wp-json\/wp\/v2\/media?parent=8488"}],"wp:term":[{"taxonomy":"category","embeddable":true,"href":"https:\/\/aeboaagua.org\/ebiba\/wp-json\/wp\/v2\/categories?post=8488"},{"taxonomy":"post_tag","embeddable":true,"href":"https:\/\/aeboaagua.org\/ebiba\/wp-json\/wp\/v2\/tags?post=8488"}],"curies":[{"name":"wp","href":"https:\/\/api.w.org\/{rel}","templated":true}]}}