{"id":8481,"date":"2023-09-08T14:32:37","date_gmt":"2023-09-08T14:32:37","guid":{"rendered":"https:\/\/aeboaagua.org\/ebiba\/?p=8481"},"modified":"2023-09-08T14:50:52","modified_gmt":"2023-09-08T14:50:52","slug":"rececao-aos-pais-e-encarregados-de-educacao-pre-e-1-ociclo","status":"publish","type":"post","link":"https:\/\/aeboaagua.org\/ebiba\/rececao-aos-pais-e-encarregados-de-educacao-pre-e-1-ociclo\/","title":{"rendered":"Rece\u00e7\u00e3o aos encarregados de educa\u00e7\u00e3o Pr\u00e9 e 1.\u00baCiclo"},"content":{"rendered":"\n<p>Caros EE, coloca-se abaixo a informa\u00e7\u00e3o sobre a reuni\u00e3o inicial de ano letivo, somente com os encarregados de educa\u00e7\u00e3o. <\/p>\n\n\n\n<p class=\"has-text-align-center\"><strong>15 de setembro de 2023<\/strong><\/p>\n\n\n\n<p class=\"has-text-align-center\"><strong>JI Pinhal General<\/strong><\/p>\n\n\n\n<figure class=\"wp-block-table is-style-stripes\"><table><tbody><tr><td class=\"has-text-align-center\" data-align=\"center\"><strong>Turmas<\/strong><\/td><td class=\"has-text-align-center\" data-align=\"center\"><strong>Hor\u00e1rio<\/strong> <\/td><\/tr><tr><td class=\"has-text-align-center\" data-align=\"center\"><strong>\u00a0Pr\u00e9<\/strong><\/td><td class=\"has-text-align-center\" data-align=\"center\"><strong>14h30<\/strong><\/td><\/tr><\/tbody><\/table><\/figure>\n\n\n\n<p class=\"has-text-align-center\"><strong>EBI da Boa \u00c1gua<\/strong><\/p>\n\n\n\n<figure class=\"wp-block-table is-style-stripes\"><table><tbody><tr><td class=\"has-text-align-center\" data-align=\"center\"><strong>Turmas<\/strong><\/td><td class=\"has-text-align-center\" data-align=\"center\"><strong>Hor\u00e1rio<\/strong><\/td><\/tr><tr><td class=\"has-text-align-center\" data-align=\"center\"><strong>1\u00ba e 2\u00ba anos<\/strong><\/td><td class=\"has-text-align-center\" data-align=\"center\"><strong>16 h<\/strong> \u00a0<\/td><\/tr><tr><td class=\"has-text-align-center\" data-align=\"center\"><strong>3\u00ba e 4\u00ba anos<\/strong><\/td><td class=\"has-text-align-center\" data-align=\"center\"><strong>17 h \u00a0<\/strong><\/td><\/tr><\/tbody><\/table><\/figure>\n\n\n\n<p class=\"has-text-align-center\"><strong>EB1\/JI do Pinhal General<\/strong><\/p>\n\n\n\n<figure class=\"wp-block-table is-style-stripes\"><table><tbody><tr><td class=\"has-text-align-center\" data-align=\"center\"><strong>Turmas<\/strong><\/td><td class=\"has-text-align-center\" data-align=\"center\"><strong>Hor\u00e1rio<\/strong><\/td><\/tr><tr><td class=\"has-text-align-center\" data-align=\"center\"><strong>Pr\u00e9<\/strong><\/td><td class=\"has-text-align-center\" data-align=\"center\"><strong>9h<\/strong><\/td><\/tr><tr><td class=\"has-text-align-center\" data-align=\"center\"><strong>1\u00ba ano<\/strong><\/td><td class=\"has-text-align-center\" data-align=\"center\"><strong>10h <\/strong>\u00a0<\/td><\/tr><tr><td class=\"has-text-align-center\" data-align=\"center\"><strong>2\u00ba ano<\/strong><\/td><td class=\"has-text-align-center\" data-align=\"center\"><strong>09h30<\/strong><\/td><\/tr><tr><td class=\"has-text-align-center\" data-align=\"center\"><strong>3\u00ba e 4\u00ba anos<\/strong><\/td><td class=\"has-text-align-center\" data-align=\"center\"><strong>11h<\/strong> \u00a0<\/td><\/tr><\/tbody><\/table><\/figure>\n\n\n\n<p class=\"has-text-align-center\"><strong>EB1 N\u00ba 2 da Quinta do Conde<\/strong><\/p>\n\n\n\n<figure class=\"wp-block-table is-style-stripes\"><table><tbody><tr><td class=\"has-text-align-center\" data-align=\"center\"><strong>Turmas<\/strong><\/td><td class=\"has-text-align-center\" data-align=\"center\"><strong>Hor\u00e1rio<\/strong><\/td><\/tr><tr><td class=\"has-text-align-center\" data-align=\"center\"><strong>\u00a0Pr\u00e9, 1\u00ba, 2\u00ba, 3\u00ba e 4\u00ba anos<\/strong><\/td><td class=\"has-text-align-center\" data-align=\"center\"><strong>9h30<\/strong><br><\/td><\/tr><\/tbody><\/table><\/figure>\n\n\n\n<p>A partir de dia 18 de Setembro, as aulas decorrer\u00e3o no periodo normal de funcionamento previsto para cada uma das turmas (hor\u00e1rio \u00b19h-15h).<\/p>\n\n\n\n<p>As turmas 1\u00baH, 2\u00baH, e 2\u00ba I (EBIBA) &#8211; hor\u00e1rio das 8h10 \u00e0s 13h10<\/p>\n\n\n\n<p>As turmas  1\u00baI e 2\u00baJ (EBIBA) &#8211; hor\u00e1rio das 13h30 \u00e0s 18h30<\/p>\n","protected":false},"excerpt":{"rendered":"<p>Caros EE, coloca-se abaixo a informa\u00e7\u00e3o sobre a reuni\u00e3o inicial de ano letivo, somente com os encarregados de educa\u00e7\u00e3o. 15 de setembro de 2023 JI Pinhal General Turmas Hor\u00e1rio \u00a0Pr\u00e9 14h30 EBI da Boa \u00c1gua Turmas Hor\u00e1rio 1\u00ba e 2\u00ba anos 16 h \u00a0 3\u00ba e 4\u00ba anos 17 h \u00a0 EB1\/JI do Pinhal General Turmas Hor\u00e1rio Pr\u00e9 9h 1\u00ba<\/p>\n","protected":false},"author":6,"featured_media":0,"comment_status":"closed","ping_status":"open","sticky":false,"template":"","format":"standard","meta":{"footnotes":""},"categories":[9],"tags":[],"class_list":["post-8481","post","type-post","status-publish","format-standard","hentry","category-geral"],"_links":{"self":[{"href":"https:\/\/aeboaagua.org\/ebiba\/wp-json\/wp\/v2\/posts\/8481","targetHints":{"allow":["GET"]}}],"collection":[{"href":"https:\/\/aeboaagua.org\/ebiba\/wp-json\/wp\/v2\/posts"}],"about":[{"href":"https:\/\/aeboaagua.org\/ebiba\/wp-json\/wp\/v2\/types\/post"}],"author":[{"embeddable":true,"href":"https:\/\/aeboaagua.org\/ebiba\/wp-json\/wp\/v2\/users\/6"}],"replies":[{"embeddable":true,"href":"https:\/\/aeboaagua.org\/ebiba\/wp-json\/wp\/v2\/comments?post=8481"}],"version-history":[{"count":6,"href":"https:\/\/aeboaagua.org\/ebiba\/wp-json\/wp\/v2\/posts\/8481\/revisions"}],"predecessor-version":[{"id":8487,"href":"https:\/\/aeboaagua.org\/ebiba\/wp-json\/wp\/v2\/posts\/8481\/revisions\/8487"}],"wp:attachment":[{"href":"https:\/\/aeboaagua.org\/ebiba\/wp-json\/wp\/v2\/media?parent=8481"}],"wp:term":[{"taxonomy":"category","embeddable":true,"href":"https:\/\/aeboaagua.org\/ebiba\/wp-json\/wp\/v2\/categories?post=8481"},{"taxonomy":"post_tag","embeddable":true,"href":"https:\/\/aeboaagua.org\/ebiba\/wp-json\/wp\/v2\/tags?post=8481"}],"curies":[{"name":"wp","href":"https:\/\/api.w.org\/{rel}","templated":true}]}}