{"id":8444,"date":"2023-07-12T11:12:10","date_gmt":"2023-07-12T11:12:10","guid":{"rendered":"https:\/\/aeboaagua.org\/ebiba\/?p=8444"},"modified":"2023-07-12T11:16:27","modified_gmt":"2023-07-12T11:16:27","slug":"candidatura-aos-servicos-da-educacao-e-cartao-escolar-reuniao-com-a-cms","status":"publish","type":"post","link":"https:\/\/aeboaagua.org\/ebiba\/candidatura-aos-servicos-da-educacao-e-cartao-escolar-reuniao-com-a-cms\/","title":{"rendered":"Candidatura aos Servi\u00e7os da Educa\u00e7\u00e3o e Cart\u00e3o Escolar &#8211; reuni\u00e3o da CMS com pais e encarregados de educa\u00e7\u00e3o da Pr\u00e9 e do 1.\u00ba ciclo"},"content":{"rendered":"\n<p>&#8220;Tendo em vista a prepara\u00e7\u00e3o do pr\u00f3ximo ano letivo (2023\/2024), e por forma a que a informa\u00e7\u00e3o necess\u00e1ria seja apresentada e devidamente veiculada em tempo \u00fatil aos Pais e Encarregados de Educa\u00e7\u00e3o do V. agrupamento (ao n\u00edvel da&nbsp;educa\u00e7\u00e3o pr\u00e9-escolar e 1\u00ba ciclo EB), vimos pelo presente informar que a Divis\u00e3o de Educa\u00e7\u00e3o da C\u00e2mara Municipal de Sesimbra ir\u00e1 promover uma&nbsp;<strong>Reuni\u00e3o Online&nbsp;no pr\u00f3ximo dia 18\/07\/2023 \u00e0s 18:30&nbsp;<\/strong>atrav\u00e9s da Plataforma&nbsp;<em>Microsoft Teams<\/em>&nbsp;a todos os interessados, cujos pontos da ordem de trabalhos ser\u00e3o os seguintes:<\/p>\n\n\n\n<p><em>Para o ano letivo 2023\/2024:<\/em><\/p>\n\n\n\n<ul class=\"wp-block-list\">\n<li>Como realizar Candidatura aos servi\u00e7os da Educa\u00e7\u00e3o?<\/li>\n\n\n\n<li>Como utilizar o Cart\u00e3o Municipal Escolar \/ Wallet Digital?<\/li>\n\n\n\n<li>Outros assuntos.<\/li>\n<\/ul>\n\n\n\n<p><\/p>\n\n\n\n<p>Remete-se&nbsp;<strong>link para participa\u00e7\u00e3o na Reuni\u00e3o<\/strong>, agradecendo-se desde j\u00e1, a respetiva partilha junto dos Pais e EE:<\/p>\n\n\n\n<p><a rel=\"noreferrer noopener\" href=\"https:\/\/teams.microsoft.com\/l\/meetup-join\/19%3ameeting_YWI4MDE2NzYtNGVlNy00MTdmLWEwNGMtMGU1YWMzZmFmYjFl%40thread.v2\/0?context=%7b%22Tid%22%3a%22c6b4a932-dbd6-4f70-a15c-31289c0dbb46%22%2c%22Oid%22%3a%2263684710-d90d-46af-924c-64798d31b04d%22%7d\" target=\"_blank\">Reuni\u00e3o AEBA &#8211; 18 julho 2023 &#8211; 18:30<\/a>   &#8220;<br><\/p>\n","protected":false},"excerpt":{"rendered":"<p>&#8220;Tendo em vista a prepara\u00e7\u00e3o do pr\u00f3ximo ano letivo (2023\/2024), e por forma a que a informa\u00e7\u00e3o necess\u00e1ria seja apresentada e devidamente veiculada em tempo \u00fatil aos Pais e Encarregados de Educa\u00e7\u00e3o do V. agrupamento (ao n\u00edvel da&nbsp;educa\u00e7\u00e3o pr\u00e9-escolar e 1\u00ba ciclo EB), vimos pelo presente informar que a Divis\u00e3o de Educa\u00e7\u00e3o da C\u00e2mara Municipal de Sesimbra ir\u00e1 promover uma&nbsp;Reuni\u00e3o<\/p>\n","protected":false},"author":9,"featured_media":0,"comment_status":"closed","ping_status":"open","sticky":false,"template":"","format":"standard","meta":{"footnotes":""},"categories":[9],"tags":[],"class_list":["post-8444","post","type-post","status-publish","format-standard","hentry","category-geral"],"_links":{"self":[{"href":"https:\/\/aeboaagua.org\/ebiba\/wp-json\/wp\/v2\/posts\/8444","targetHints":{"allow":["GET"]}}],"collection":[{"href":"https:\/\/aeboaagua.org\/ebiba\/wp-json\/wp\/v2\/posts"}],"about":[{"href":"https:\/\/aeboaagua.org\/ebiba\/wp-json\/wp\/v2\/types\/post"}],"author":[{"embeddable":true,"href":"https:\/\/aeboaagua.org\/ebiba\/wp-json\/wp\/v2\/users\/9"}],"replies":[{"embeddable":true,"href":"https:\/\/aeboaagua.org\/ebiba\/wp-json\/wp\/v2\/comments?post=8444"}],"version-history":[{"count":4,"href":"https:\/\/aeboaagua.org\/ebiba\/wp-json\/wp\/v2\/posts\/8444\/revisions"}],"predecessor-version":[{"id":8449,"href":"https:\/\/aeboaagua.org\/ebiba\/wp-json\/wp\/v2\/posts\/8444\/revisions\/8449"}],"wp:attachment":[{"href":"https:\/\/aeboaagua.org\/ebiba\/wp-json\/wp\/v2\/media?parent=8444"}],"wp:term":[{"taxonomy":"category","embeddable":true,"href":"https:\/\/aeboaagua.org\/ebiba\/wp-json\/wp\/v2\/categories?post=8444"},{"taxonomy":"post_tag","embeddable":true,"href":"https:\/\/aeboaagua.org\/ebiba\/wp-json\/wp\/v2\/tags?post=8444"}],"curies":[{"name":"wp","href":"https:\/\/api.w.org\/{rel}","templated":true}]}}