{"id":8341,"date":"2023-04-26T07:37:43","date_gmt":"2023-04-26T07:37:43","guid":{"rendered":"https:\/\/aeboaagua.org\/ebiba\/?p=8341"},"modified":"2023-04-26T07:37:43","modified_gmt":"2023-04-26T07:37:43","slug":"greve-2627-e-28-abril-2023","status":"publish","type":"post","link":"https:\/\/aeboaagua.org\/ebiba\/greve-2627-e-28-abril-2023\/","title":{"rendered":"Greve 26,27 e 28 Abril 2023"},"content":{"rendered":"\n<p>O Col\u00e9gio Arbitral, nos termos do Ac\u00f3rd\u00e3o n.\u00ba 18\/2023\/DRCT-ASM, decidiu fixar os seguintes servi\u00e7os m\u00ednimos e meios \u00aba todo o servi\u00e7o, durante o per\u00edodo de funcionamento correspondente ao dia decretado, nos dias 26, 27 e 28 de abril de 2023, para os trabalhadores docentes, e greve a todo o servi\u00e7o, durante o per\u00edodo de funcionamento correspondente ao dia decretado, nos dias 26, 27 e 28 de abril de 2023, para os trabalhadores n\u00e3o docentes\u00bb.<\/p>\n\n\n\n<p><\/p>\n\n\n\n<p><\/p>\n","protected":false},"excerpt":{"rendered":"<p>O Col\u00e9gio Arbitral, nos termos do Ac\u00f3rd\u00e3o n.\u00ba 18\/2023\/DRCT-ASM, decidiu fixar os seguintes servi\u00e7os m\u00ednimos e meios \u00aba todo o servi\u00e7o, durante o per\u00edodo de funcionamento correspondente ao dia decretado, nos dias 26, 27 e 28 de abril de 2023, para os trabalhadores docentes, e greve a todo o servi\u00e7o, durante o per\u00edodo de funcionamento correspondente ao dia decretado, nos<\/p>\n","protected":false},"author":6,"featured_media":0,"comment_status":"closed","ping_status":"open","sticky":false,"template":"","format":"standard","meta":{"footnotes":""},"categories":[9],"tags":[],"class_list":["post-8341","post","type-post","status-publish","format-standard","hentry","category-geral"],"_links":{"self":[{"href":"https:\/\/aeboaagua.org\/ebiba\/wp-json\/wp\/v2\/posts\/8341","targetHints":{"allow":["GET"]}}],"collection":[{"href":"https:\/\/aeboaagua.org\/ebiba\/wp-json\/wp\/v2\/posts"}],"about":[{"href":"https:\/\/aeboaagua.org\/ebiba\/wp-json\/wp\/v2\/types\/post"}],"author":[{"embeddable":true,"href":"https:\/\/aeboaagua.org\/ebiba\/wp-json\/wp\/v2\/users\/6"}],"replies":[{"embeddable":true,"href":"https:\/\/aeboaagua.org\/ebiba\/wp-json\/wp\/v2\/comments?post=8341"}],"version-history":[{"count":1,"href":"https:\/\/aeboaagua.org\/ebiba\/wp-json\/wp\/v2\/posts\/8341\/revisions"}],"predecessor-version":[{"id":8342,"href":"https:\/\/aeboaagua.org\/ebiba\/wp-json\/wp\/v2\/posts\/8341\/revisions\/8342"}],"wp:attachment":[{"href":"https:\/\/aeboaagua.org\/ebiba\/wp-json\/wp\/v2\/media?parent=8341"}],"wp:term":[{"taxonomy":"category","embeddable":true,"href":"https:\/\/aeboaagua.org\/ebiba\/wp-json\/wp\/v2\/categories?post=8341"},{"taxonomy":"post_tag","embeddable":true,"href":"https:\/\/aeboaagua.org\/ebiba\/wp-json\/wp\/v2\/tags?post=8341"}],"curies":[{"name":"wp","href":"https:\/\/api.w.org\/{rel}","templated":true}]}}