{"id":8072,"date":"2022-11-25T13:11:00","date_gmt":"2022-11-25T13:11:00","guid":{"rendered":"https:\/\/aeboaagua.org\/ebiba\/?p=8072"},"modified":"2022-11-28T20:13:13","modified_gmt":"2022-11-28T20:13:13","slug":"finlandia-recebe-docentes-do-agrupamento-em-formacao","status":"publish","type":"post","link":"https:\/\/aeboaagua.org\/ebiba\/finlandia-recebe-docentes-do-agrupamento-em-formacao\/","title":{"rendered":"Finl\u00e2ndia recebe docentes do Agrupamento em forma\u00e7\u00e3o"},"content":{"rendered":"\n<p>Os professores Ana Rita Correia, Armindo Serra, Carmo Martins, Teresa Ramos e Sandra Silva encontram-se em Hels\u00ednquia para realizarem forma\u00e7\u00e3o integrada no Programa Erasmus+ &#8220;O processo de inova\u00e7\u00e3o pedag\u00f3gica do AEBA &#8211; capacita\u00e7\u00e3o de docentes&#8221;.&nbsp;<\/p>\n\n\n\n<p>Entre 20 e 26 de novembro, aqueles docentes frequentam o curso \u201cStudent-centered learning and 21st century skills&#8221;, que alia a aquisi\u00e7\u00e3o de aprendizagens e compet\u00eancias profissionais ao conhecimento da&nbsp; cultura do pa\u00eds anfitri\u00e3o.<\/p>\n\n\n\n<p>Acolhidos por um magn\u00edfico manto de neve, logo no domingo os docentes iniciaram as atividades de rece\u00e7\u00e3o e de integra\u00e7\u00e3o&nbsp; bem como de explora\u00e7\u00e3o da cidade atrav\u00e9s de um \u201camazing race\u201d.<\/p>\n\n\n\n<p>No dia seguinte, foi tempo de conhecer o sistema educativo finland\u00eas e de o comparar com os sistemas educativos em que se inserem os professores que frequentaram este workshop: Portugal e Noruega. Seguidamente, os elementos de cada pa\u00eds presente fizeram uma EduFair, com o objetivo de mostrarem um pouco do seu pa\u00eds, do seu concelho e da sua escola.<\/p>\n\n\n\n<p><\/p>\n\n\n\n<p><strong>Finland welcomes training teachers from Boa \u00c1gua School<\/strong><\/p>\n\n\n\n<p>A group of five teachers &#8211; Ana Rita Correia, Armindo Serra, Carmo Martins, Teresa Ramos and Sandra Silva &#8211; were in Helsinki for an Erasmus+ teacher training programme under the title \u201cInnovative pedagogical process in AEBA &#8211; teachers\u2019 capacity-building\u201d.<\/p>\n\n\n\n<p>From 20th through 26th November, these teachers attended an in-service training course called \u201cStudent-centered learning and 21st century skills\u201d, that combines the development of training and professional skills with a better understanding of the culture of the host country.<\/p>\n\n\n\n<p>Sunday morning a beautiful mantle of snow greeted the Portuguese teachers, and then the course introduction started with some networking activities and an \u201cAmazing Race\u201d in the streets of Helsinki.<\/p>\n\n\n\n<p>The following day there was the opportunity to learn about the Finnish education system and to cross-check it with the Portuguese and Norwegian education systems, the two countries represented in this course. Afterwards, there was \u201cEduFair 2022\u201d in which Finland, Portugal and Norway showcased a brief overview of each country, region and school of origin.<\/p>\n\n\n<div class=\"wp-block-image\">\n<figure class=\"aligncenter size-large is-resized\"><a href=\"https:\/\/aeboaagua.org\/ebiba\/wp-content\/uploads\/2022\/11\/1bom.jpg\"><img loading=\"lazy\" decoding=\"async\" src=\"https:\/\/aeboaagua.org\/ebiba\/wp-content\/uploads\/2022\/11\/1bom-1024x880.jpg\" alt=\"\" class=\"wp-image-8077\" width=\"768\" height=\"660\" srcset=\"https:\/\/aeboaagua.org\/ebiba\/wp-content\/uploads\/2022\/11\/1bom-1024x880.jpg 1024w, https:\/\/aeboaagua.org\/ebiba\/wp-content\/uploads\/2022\/11\/1bom-300x258.jpg 300w, https:\/\/aeboaagua.org\/ebiba\/wp-content\/uploads\/2022\/11\/1bom-768x660.jpg 768w, https:\/\/aeboaagua.org\/ebiba\/wp-content\/uploads\/2022\/11\/1bom-1536x1319.jpg 1536w, https:\/\/aeboaagua.org\/ebiba\/wp-content\/uploads\/2022\/11\/1bom.jpg 1581w\" sizes=\"auto, (max-width: 768px) 100vw, 768px\" \/><\/a><\/figure><\/div>","protected":false},"excerpt":{"rendered":"<p>Os professores Ana Rita Correia, Armindo Serra, Carmo Martins, Teresa Ramos e Sandra Silva encontram-se em Hels\u00ednquia para realizarem forma\u00e7\u00e3o integrada no Programa Erasmus+ &#8220;O processo de inova\u00e7\u00e3o pedag\u00f3gica do AEBA &#8211; capacita\u00e7\u00e3o de docentes&#8221;.&nbsp; Entre 20 e 26 de novembro, aqueles docentes frequentam o curso \u201cStudent-centered learning and 21st century skills&#8221;, que alia a aquisi\u00e7\u00e3o de aprendizagens e compet\u00eancias<\/p>\n","protected":false},"author":9,"featured_media":0,"comment_status":"closed","ping_status":"open","sticky":false,"template":"","format":"standard","meta":{"footnotes":""},"categories":[9],"tags":[],"class_list":["post-8072","post","type-post","status-publish","format-standard","hentry","category-geral"],"_links":{"self":[{"href":"https:\/\/aeboaagua.org\/ebiba\/wp-json\/wp\/v2\/posts\/8072","targetHints":{"allow":["GET"]}}],"collection":[{"href":"https:\/\/aeboaagua.org\/ebiba\/wp-json\/wp\/v2\/posts"}],"about":[{"href":"https:\/\/aeboaagua.org\/ebiba\/wp-json\/wp\/v2\/types\/post"}],"author":[{"embeddable":true,"href":"https:\/\/aeboaagua.org\/ebiba\/wp-json\/wp\/v2\/users\/9"}],"replies":[{"embeddable":true,"href":"https:\/\/aeboaagua.org\/ebiba\/wp-json\/wp\/v2\/comments?post=8072"}],"version-history":[{"count":2,"href":"https:\/\/aeboaagua.org\/ebiba\/wp-json\/wp\/v2\/posts\/8072\/revisions"}],"predecessor-version":[{"id":8087,"href":"https:\/\/aeboaagua.org\/ebiba\/wp-json\/wp\/v2\/posts\/8072\/revisions\/8087"}],"wp:attachment":[{"href":"https:\/\/aeboaagua.org\/ebiba\/wp-json\/wp\/v2\/media?parent=8072"}],"wp:term":[{"taxonomy":"category","embeddable":true,"href":"https:\/\/aeboaagua.org\/ebiba\/wp-json\/wp\/v2\/categories?post=8072"},{"taxonomy":"post_tag","embeddable":true,"href":"https:\/\/aeboaagua.org\/ebiba\/wp-json\/wp\/v2\/tags?post=8072"}],"curies":[{"name":"wp","href":"https:\/\/api.w.org\/{rel}","templated":true}]}}