{"id":6539,"date":"2020-05-04T13:02:59","date_gmt":"2020-05-04T13:02:59","guid":{"rendered":"http:\/\/aeboaagua.org\/ebiba\/?p=6539"},"modified":"2020-06-25T14:47:45","modified_gmt":"2020-06-25T14:47:45","slug":"informacoes-portal-de-matriculas","status":"publish","type":"post","link":"https:\/\/aeboaagua.org\/ebiba\/informacoes-portal-de-matriculas\/","title":{"rendered":"Informa\u00e7\u00f5es Portal de Matr\u00edculas"},"content":{"rendered":"<p style=\"text-align: center;\"><a href=\"https:\/\/portaldasmatriculas.edu.gov.pt\/pdm\/\">https:\/\/portaldasmatriculas.edu.gov.pt\/pdm\/<\/a><\/p>\n<p style=\"font-weight: 400; text-align: center;\">Bem-vindo ao Portal das Matr\u00edculas,<\/p>\n<p style=\"font-weight: 400; text-align: center;\">um servi\u00e7o do Minist\u00e9rio da Educa\u00e7\u00e3o que permite efetuar pedidos de matr\u00edcula, renova\u00e7\u00e3o de matr\u00edcula e pedidos de transfer\u00eancia de escola na educa\u00e7\u00e3o pr\u00e9-escolar e nos ensinos b\u00e1sico e secund\u00e1rio em estabelecimentos de ensino p\u00fablicos do Minist\u00e9rio da Educa\u00e7\u00e3o, privados e IPSS ou equiparados.<\/p>\n<p style=\"font-weight: 400; text-align: center;\"><strong>Se \u00e9 Encarregado de Educa\u00e7\u00e3o a matr\u00edcula do seu educando deve ser realizada,\u00a0<u>preferencialmente<\/u>, nesta aplica\u00e7\u00e3o que lhe permite, mediante consentimento pr\u00e9vio, fornecer toda a informa\u00e7\u00e3o e documenta\u00e7\u00e3o necess\u00e1ria \u00e0 instru\u00e7\u00e3o do processo de matr\u00edcula.<\/strong><\/p>\n<p style=\"font-weight: 400; text-align: center;\"><strong>A presente aplica\u00e7\u00e3o permite\u00a0<u>realizar a primeira matr\u00edcula na educa\u00e7\u00e3o pr\u00e9-escolar e no 1.\u00ba ciclo do ensino b\u00e1sico, o registo de renova\u00e7\u00e3o de matr\u00edcula e o pedido de transfer\u00eancia de escola<\/u>\u00a0dos alunos na educa\u00e7\u00e3o pr\u00e9-escolar e nos ensinos b\u00e1sico e secund\u00e1rio nas v\u00e1rias modalidades de ensino destinadas a jovens.<\/strong><\/p>\n<p style=\"font-weight: 400; text-align: center;\">Para matr\u00edcula na modalidade de ensino art\u00edstico especializado, deve o encarregado de educa\u00e7\u00e3o estar na posse de uma declara\u00e7\u00e3o de vaga, a solicitar no estabelecimento de educa\u00e7\u00e3o e ensino da modalidade de ensino art\u00edstico especializado que o seu educando pretende frequentar, a qual vai ser solicitada no preenchimento do pedido de matr\u00edcula.<\/p>\n<p style=\"font-weight: 400; text-align: center;\">Para a matr\u00edcula de alunos provenientes do estrangeiro e matr\u00edculas de alunos que frequentaram em Portugal planos de estudos estrangeiros e para os quais seja necess\u00e1rio um processo de equival\u00eancia, ap\u00f3s a submiss\u00e3o do processo de matr\u00edcula deve ser contactado o estabelecimento de educa\u00e7\u00e3o e ensino de 1\u00aa prefer\u00eancia para que se proceda ao pedido de equival\u00eancia.<\/p>\n<p style=\"font-weight: 400; text-align: center;\">Para matr\u00edculas para os ensinos b\u00e1sico ou secund\u00e1rio recorrente ou para outras ofertas educativas e formativas destinadas a adultos devem ser contactados os estabelecimentos de educa\u00e7\u00e3o e ensino respetivos.<\/p>\n<p style=\"font-weight: 400; text-align: center;\">Para mais detalhes relativos aos procedimentos de matr\u00edcula ano letivo 2020\/2021 consulte\u00a0 as perguntas frequentes da Dire\u00e7\u00e3o-Geral de Estabelecimentos Escolares (DGEstE).<\/p>\n<p style=\"font-weight: 400; text-align: center;\"><strong>Para utilizar este servi\u00e7o o Encarregado de Educa\u00e7\u00e3o pode recorrer a uma das seguintes formas de autentica\u00e7\u00e3o:<\/strong><\/p>\n<ol style=\"text-align: center;\">\n<li style=\"font-weight: 400;\">Credenciais de acesso ao Portal das Finan\u00e7as<\/li>\n<li style=\"font-weight: 400;\">\u00a0Cart\u00e3o de Cidad\u00e3o &#8211; Para a autentica\u00e7\u00e3o com recurso ao Cart\u00e3o de Cidad\u00e3o \u00e9 necess\u00e1rio o Cart\u00e3o de Cidad\u00e3o e o respetivo PIN de autentica\u00e7\u00e3o, um leitor de cart\u00f5es ligado a um computador com acesso \u00e0 Internet e ter instalado no computador o plugin Autentica\u00e7\u00e3o.Gov (dispon\u00edvel em:\u00a0<a href=\"https:\/\/autenticacao.gov.pt\/fa\/ajuda\/autenticacaogovpt.aspx\" data-saferedirecturl=\"https:\/\/www.google.com\/url?q=https:\/\/autenticacao.gov.pt\/fa\/ajuda\/autenticacaogovpt.aspx&amp;source=gmail&amp;ust=1588683238474000&amp;usg=AFQjCNF2X_S2ZY6TnEc78QQPGjkXDaMzOQ\">https:\/\/autenticacao.gov.pt\/fa\/ajuda\/autenticacaogovpt.aspx<\/a>)<\/li>\n<\/ol>\n<p style=\"font-weight: 400; text-align: center;\">\u00a0 \u00a0 \u00a0 \u00a0 \u00a0 \u00a03.Chave M\u00f3vel Digital &#8211; Para a autentica\u00e7\u00e3o com recurso \u00e0 Chave M\u00f3vel Digital \u00e9 necess\u00e1rio que previamente tenha sido efetuado um pedido de Chave. Poder\u00e1 consultar a informa\u00e7\u00e3o referente ao pedido de Chave M\u00f3vel Digital e ao processo de autentica\u00e7\u00e3o em\u00a0<a href=\"https:\/\/www.autenticacao.gov.pt\/a-chave-movel-digital\" data-saferedirecturl=\"https:\/\/www.google.com\/url?q=https:\/\/www.autenticacao.gov.pt\/a-chave-movel-digital&amp;source=gmail&amp;ust=1588683238474000&amp;usg=AFQjCNE7tG2RwI14VdBar8PsFj6Wg6U4jQ\">https:\/\/www.autenticacao.gov.pt\/a-chave-movel-digital<\/a><\/p>\n<p style=\"font-weight: 400; text-align: center;\"><strong>Os registos de primeira matr\u00edcula, renova\u00e7\u00f5es de matr\u00edcula e pedidos de transfer\u00eancia de escola para a educa\u00e7\u00e3o pr\u00e9-escolar e matr\u00edcula no 1\u00ba ano do 1\u00ba ciclo do ensino b\u00e1sico decorrem de 04 de maio a 30 de junho.<\/strong><\/p>\n<p style=\"font-weight: 400; text-align: center;\"><strong>Os registos de matr\u00edcula nos outros anos iniciais de ciclo 5\u00ba, 7\u00ba e 10\u00ba anos de escolaridade, as renova\u00e7\u00f5es de matr\u00edcula e os pedidos de transfer\u00eancia de escola nos 1\u00ba, 2\u00ba, 3\u00ba ciclos do ensino b\u00e1sico e ensino secund\u00e1rio decorrem a partir de 26 de junho.<\/strong><\/p>\n<p style=\"text-align: center;\">Alunos Condicionais \u00e0 entrada no 1\u00baCiclo<\/p>\n<p>Pode efetuar um pedido de matr\u00edcula no qual indica dois n\u00edveis de ensino, 1\u00ba<br \/>\nano e pr\u00e9-escolar.<br \/>\nAssim, nos casos dos candidatos considerados condicionais ou ter sido<br \/>\nefetuado pedido de antecipa\u00e7\u00e3o ou adiamento de matr\u00edcula, o encarregado<br \/>\nde educa\u00e7\u00e3o poder\u00e1 efetuar um pedido de matr\u00edcula em que indica os dois n\u00edveis de<br \/>\nensino. Ou seja, na mesma matr\u00edcula pode escolher o 1\u00ba ano numa prefer\u00eancia e o<br \/>\npr\u00e9-escolar noutra, podendo decidir nas cinco prefer\u00eancias dispon\u00edveis a ordem e o<br \/>\nn\u00famero de vezes que escolhe cada n\u00edvel de ensino.<br \/>\nPara isso, no passo 4 do pedido de matr\u00edcula dispon\u00edvel em<br \/>\nportaldasmatr\u00edculas.edu.gov.pt, no campo \u201cPedido de Matr\u00edcula\u201d dever\u00e1 responder<br \/>\n\u201cN\u00e3o\u201d \u00e0 pergunta \u201cQUER PREDEFINIR UM N\u00cdVEL DE ENSINO PARA TODAS AS<br \/>\nPREFER\u00caNCIAS?\u201d, para que no campo seguinte lhe seja dada a possibilidade de<br \/>\nescolher, em cada escola que indicar, o n\u00edvel pretendido (Pr\u00e9-escolar ou 1\u00ba ano).<br \/>\nNo caso dos candidatos para os quais foi efetuado pedido de antecipa\u00e7\u00e3o de<br \/>\nmatr\u00edcula, na(s) prefer\u00eancia(s) em que for escolhido o 1\u00ba ano ser\u00e1 solicitada a data<br \/>\ndo pedido de antecipa\u00e7\u00e3o.<\/p>\n","protected":false},"excerpt":{"rendered":"<p>https:\/\/portaldasmatriculas.edu.gov.pt\/pdm\/ Bem-vindo ao Portal das Matr\u00edculas, um servi\u00e7o do Minist\u00e9rio da Educa\u00e7\u00e3o que permite efetuar pedidos de matr\u00edcula, renova\u00e7\u00e3o de matr\u00edcula e pedidos de transfer\u00eancia de escola na educa\u00e7\u00e3o pr\u00e9-escolar e nos ensinos b\u00e1sico e secund\u00e1rio em estabelecimentos de ensino p\u00fablicos do Minist\u00e9rio da Educa\u00e7\u00e3o, privados e IPSS ou equiparados. Se \u00e9 Encarregado de Educa\u00e7\u00e3o a matr\u00edcula do seu educando<\/p>\n","protected":false},"author":6,"featured_media":0,"comment_status":"closed","ping_status":"open","sticky":false,"template":"","format":"standard","meta":{"footnotes":""},"categories":[9,19],"tags":[63],"class_list":["post-6539","post","type-post","status-publish","format-standard","hentry","category-geral","category-matriculas","tag-matriculas-2020"],"_links":{"self":[{"href":"https:\/\/aeboaagua.org\/ebiba\/wp-json\/wp\/v2\/posts\/6539","targetHints":{"allow":["GET"]}}],"collection":[{"href":"https:\/\/aeboaagua.org\/ebiba\/wp-json\/wp\/v2\/posts"}],"about":[{"href":"https:\/\/aeboaagua.org\/ebiba\/wp-json\/wp\/v2\/types\/post"}],"author":[{"embeddable":true,"href":"https:\/\/aeboaagua.org\/ebiba\/wp-json\/wp\/v2\/users\/6"}],"replies":[{"embeddable":true,"href":"https:\/\/aeboaagua.org\/ebiba\/wp-json\/wp\/v2\/comments?post=6539"}],"version-history":[{"count":3,"href":"https:\/\/aeboaagua.org\/ebiba\/wp-json\/wp\/v2\/posts\/6539\/revisions"}],"predecessor-version":[{"id":6689,"href":"https:\/\/aeboaagua.org\/ebiba\/wp-json\/wp\/v2\/posts\/6539\/revisions\/6689"}],"wp:attachment":[{"href":"https:\/\/aeboaagua.org\/ebiba\/wp-json\/wp\/v2\/media?parent=6539"}],"wp:term":[{"taxonomy":"category","embeddable":true,"href":"https:\/\/aeboaagua.org\/ebiba\/wp-json\/wp\/v2\/categories?post=6539"},{"taxonomy":"post_tag","embeddable":true,"href":"https:\/\/aeboaagua.org\/ebiba\/wp-json\/wp\/v2\/tags?post=6539"}],"curies":[{"name":"wp","href":"https:\/\/api.w.org\/{rel}","templated":true}]}}