{"id":4590,"date":"2017-01-25T17:42:35","date_gmt":"2017-01-25T17:42:35","guid":{"rendered":"http:\/\/aeboaagua.org\/ebiba\/?p=4590"},"modified":"2017-01-25T17:42:35","modified_gmt":"2017-01-25T17:42:35","slug":"questionario-projeto-ser-sesimbra-educar-em-rede","status":"publish","type":"post","link":"https:\/\/aeboaagua.org\/ebiba\/questionario-projeto-ser-sesimbra-educar-em-rede\/","title":{"rendered":"Question\u00e1rio Projeto SER &#8211; Sesimbra Educar em Rede"},"content":{"rendered":"<p>No \u00e2mbito da pr\u00f3xima etapa do Projeto Educativo Concelhio<b>\u00a0\u201cSesimbra \u2013 Educar em Rede\u201d (SER) \u2013 Conhecer para intervir,\u00a0<\/b>convidamo-los a responder ao presente question\u00e1rio atrav\u00e9s do link (em baixo) e que visa conhecer\u00a0a\u00a0opini\u00e3o da comunidade educativa \u00a0sobre as \u00e1reas de interven\u00e7\u00e3o priorit\u00e1rias para dar resposta aos principais problemas e constrangimentos existentes no concelho, mais concretamente, no dom\u00ednio da educa\u00e7\u00e3o\u00a0formal e n\u00e3o formal.<\/p>\n<p>Neste contexto, o resultado deste inqu\u00e9rito assumir-se-\u00e1 da maior import\u00e2ncia para a atualiza\u00e7\u00e3o do diagn\u00f3stico e planeamento estrat\u00e9gico a ser levado a cabo pela equipa de trabalho do Projeto Educativo, que foi reformulada na reuni\u00e3o do CME no passado dia 17 de maio de 2016, integrando t\u00e9cnicos da divis\u00e3o de educa\u00e7\u00e3o da autarquia e diversos elementos do Conselho Municipal de Educa\u00e7\u00e3o, dos quais, fazem parte: o\u00a0representante do Pessoal Docente do Ensino B\u00e1sico P\u00fablico, o representante do Pessoal Docente do Ensino Secund\u00e1rio P\u00fablico, o representante das Associa\u00e7\u00f5es de Pais e Encarregados de Educa\u00e7\u00e3o, o representante das Institui\u00e7\u00f5es Particulares de Solidariedade Social, o representante dos Servi\u00e7os P\u00fablicos de Sa\u00fade e o representante das Juntas de Freguesia.<\/p>\n<p><b>A vossa \u00a0participa\u00e7\u00e3o\u00a0\u00e9 muito importante!<\/b><\/p>\n<p><b>Clique no link para responder ao question\u00e1rio e reencaminhe s.f.f. este convite a todos os \u00a0agentes educativos\/ parceiros sociais que representa\u00a0no CME.<\/b><\/p>\n<p>&nbsp;<\/p>\n<p><a href=\"https:\/\/docs.google.com\/forms\/d\/1yDPYsLEWwIzhVXpxmxq--853gcjmmXxtlakX8ZHeS_Q\/viewform?uiv=1&amp;edit_requested=true\" target=\"_blank\" data-saferedirecturl=\"https:\/\/www.google.com\/url?hl=pt-PT&amp;q=https:\/\/docs.google.com\/a\/cm-sesimbra.pt\/forms\/d\/1yDPYsLEWwIzhVXpxmxq--853gcjmmXxtlakX8ZHeS_Q\/edit?uiv%3D1&amp;source=gmail&amp;ust=1485451972705000&amp;usg=AFQjCNETf5Y4k1L7xdk_473lA1dorHY_sQ\">Sesimbra Educar em Rede (SER) &#8211; Conhecer para Intervir\u00a0<\/a><\/p>\n<p>&nbsp;<\/p>\n<p>&nbsp;<\/p>\n<p>https:\/\/docs.google.com\/forms\/d\/1yDPYsLEWwIzhVXpxmxq&#8211;853gcjmmXxtlakX8ZHeS_Q\/viewform?uiv=1&#038;edit_requested=true<\/p>\n","protected":false},"excerpt":{"rendered":"<p>No \u00e2mbito da pr\u00f3xima etapa do Projeto Educativo Concelhio\u00a0\u201cSesimbra \u2013 Educar em Rede\u201d (SER) \u2013 Conhecer para intervir,\u00a0convidamo-los a responder ao presente question\u00e1rio atrav\u00e9s do link (em baixo) e que visa conhecer\u00a0a\u00a0opini\u00e3o da comunidade educativa \u00a0sobre as \u00e1reas de interven\u00e7\u00e3o priorit\u00e1rias para dar resposta aos principais problemas e constrangimentos existentes no concelho, mais concretamente, no dom\u00ednio da educa\u00e7\u00e3o\u00a0formal e n\u00e3o<\/p>\n","protected":false},"author":6,"featured_media":0,"comment_status":"closed","ping_status":"open","sticky":false,"template":"","format":"standard","meta":{"footnotes":""},"categories":[1],"tags":[],"class_list":["post-4590","post","type-post","status-publish","format-standard","hentry","category-uncategorized"],"_links":{"self":[{"href":"https:\/\/aeboaagua.org\/ebiba\/wp-json\/wp\/v2\/posts\/4590","targetHints":{"allow":["GET"]}}],"collection":[{"href":"https:\/\/aeboaagua.org\/ebiba\/wp-json\/wp\/v2\/posts"}],"about":[{"href":"https:\/\/aeboaagua.org\/ebiba\/wp-json\/wp\/v2\/types\/post"}],"author":[{"embeddable":true,"href":"https:\/\/aeboaagua.org\/ebiba\/wp-json\/wp\/v2\/users\/6"}],"replies":[{"embeddable":true,"href":"https:\/\/aeboaagua.org\/ebiba\/wp-json\/wp\/v2\/comments?post=4590"}],"version-history":[{"count":1,"href":"https:\/\/aeboaagua.org\/ebiba\/wp-json\/wp\/v2\/posts\/4590\/revisions"}],"predecessor-version":[{"id":4591,"href":"https:\/\/aeboaagua.org\/ebiba\/wp-json\/wp\/v2\/posts\/4590\/revisions\/4591"}],"wp:attachment":[{"href":"https:\/\/aeboaagua.org\/ebiba\/wp-json\/wp\/v2\/media?parent=4590"}],"wp:term":[{"taxonomy":"category","embeddable":true,"href":"https:\/\/aeboaagua.org\/ebiba\/wp-json\/wp\/v2\/categories?post=4590"},{"taxonomy":"post_tag","embeddable":true,"href":"https:\/\/aeboaagua.org\/ebiba\/wp-json\/wp\/v2\/tags?post=4590"}],"curies":[{"name":"wp","href":"https:\/\/api.w.org\/{rel}","templated":true}]}}