{"id":158,"date":"2010-12-15T18:19:30","date_gmt":"2010-12-15T18:19:30","guid":{"rendered":"http:\/\/aeboaagua.org\/ebiba\/?p=158"},"modified":"2010-12-15T18:19:30","modified_gmt":"2010-12-15T18:19:30","slug":"festa-de-natal-e-entrega-de-premios-de-merito-valor-e-excelencia","status":"publish","type":"post","link":"https:\/\/aeboaagua.org\/ebiba\/festa-de-natal-e-entrega-de-premios-de-merito-valor-e-excelencia\/","title":{"rendered":"Festa de Natal e entrega de pr\u00e9mios de m\u00e9rito, valor e excel\u00eancia"},"content":{"rendered":"<p><strong>\u00a0<\/strong>\u00a0\u00a0\u00a0\u00a0\u00a0\u00a0\u00a0\u00a0\u00a0\u00a0\u00a0 Informa-se a comunidade educativa\u00a0que <strong>no dia 17 de Dezembro, sexta-feira<\/strong>, ser\u00e1 realizada a actividade de Natal do Agrupamento. O programa, que poder\u00e1 ser consultado abaixo\u00a0neste site, prev\u00ea a realiza\u00e7\u00e3o da festa para o pr\u00e9-escolar e 1\u00ba ciclo no per\u00edodo da manh\u00e3, e para os 2\u00ba\/3\u00ba ciclos no per\u00edodo da tarde, na EBI da Boa \u00c1gua.<\/p>\n<p>Nesse dia ser\u00e3o entregues os pr\u00e9mios de m\u00e9rito, valor e excel\u00eancia referentes ao ano lectivo de 2009\/2010.<\/p>\n<p>A cerim\u00f3nia de entrega dos pr\u00e9mios para o pr\u00e9-escolar e 1\u00ba ciclo, ser\u00e1 realizada, no final da manh\u00e3, a partir das <strong>12h:10min<\/strong> e dever\u00e1 contar com todos os alunos do pr\u00e9-escolar e 1\u00ba ciclo, que no ano transacto foram sinalizados para os Quadros. <strong>Os alunos do actual 5\u00ba ano, que no ano transacto estavam no 4\u00ba ano e v\u00e3o receber pr\u00e9mio, dever\u00e3o estar presentes neste per\u00edodo da manh\u00e3.<\/strong><\/p>\n<p>\u00a0\u00a0\u00a0\u00a0\u00a0\u00a0\u00a0\u00a0\u00a0\u00a0\u00a0<strong> A partir das 14:30h, na festa de Natal dos 2\u00ba\/3\u00ba ciclos<\/strong>, ser\u00e3o entregues os pr\u00e9mios referentes aos alunos do 5\u00ba e 7\u00ba anos do ano anterior.<\/p>\n<p>\u00a0\u00a0\u00a0\u00a0\u00a0\u00a0\u00a0\u00a0\u00a0\u00a0\u00a0 As fam\u00edlias destes alunos est\u00e3o convidadas a assistir \u00e0 cerim\u00f3nia e tamb\u00e9m \u00e0 festa de Natal.<\/p>\n","protected":false},"excerpt":{"rendered":"<p>\u00a0\u00a0\u00a0\u00a0\u00a0\u00a0\u00a0\u00a0\u00a0\u00a0\u00a0\u00a0 Informa-se a comunidade educativa\u00a0que no dia 17 de Dezembro, sexta-feira, ser\u00e1 realizada a actividade de Natal do Agrupamento. O programa, que poder\u00e1 ser consultado abaixo\u00a0neste site, prev\u00ea a realiza\u00e7\u00e3o da festa para o pr\u00e9-escolar e 1\u00ba ciclo no per\u00edodo da manh\u00e3, e para os 2\u00ba\/3\u00ba ciclos no per\u00edodo da tarde, na EBI da Boa \u00c1gua. Nesse dia ser\u00e3o entregues<\/p>\n","protected":false},"author":2,"featured_media":0,"comment_status":"open","ping_status":"open","sticky":false,"template":"","format":"standard","meta":{"footnotes":""},"categories":[3],"tags":[],"class_list":["post-158","post","type-post","status-publish","format-standard","hentry","category-infos"],"_links":{"self":[{"href":"https:\/\/aeboaagua.org\/ebiba\/wp-json\/wp\/v2\/posts\/158","targetHints":{"allow":["GET"]}}],"collection":[{"href":"https:\/\/aeboaagua.org\/ebiba\/wp-json\/wp\/v2\/posts"}],"about":[{"href":"https:\/\/aeboaagua.org\/ebiba\/wp-json\/wp\/v2\/types\/post"}],"author":[{"embeddable":true,"href":"https:\/\/aeboaagua.org\/ebiba\/wp-json\/wp\/v2\/users\/2"}],"replies":[{"embeddable":true,"href":"https:\/\/aeboaagua.org\/ebiba\/wp-json\/wp\/v2\/comments?post=158"}],"version-history":[{"count":2,"href":"https:\/\/aeboaagua.org\/ebiba\/wp-json\/wp\/v2\/posts\/158\/revisions"}],"predecessor-version":[{"id":160,"href":"https:\/\/aeboaagua.org\/ebiba\/wp-json\/wp\/v2\/posts\/158\/revisions\/160"}],"wp:attachment":[{"href":"https:\/\/aeboaagua.org\/ebiba\/wp-json\/wp\/v2\/media?parent=158"}],"wp:term":[{"taxonomy":"category","embeddable":true,"href":"https:\/\/aeboaagua.org\/ebiba\/wp-json\/wp\/v2\/categories?post=158"},{"taxonomy":"post_tag","embeddable":true,"href":"https:\/\/aeboaagua.org\/ebiba\/wp-json\/wp\/v2\/tags?post=158"}],"curies":[{"name":"wp","href":"https:\/\/api.w.org\/{rel}","templated":true}]}}