{"id":128,"date":"2026-04-24T21:31:42","date_gmt":"2026-04-24T21:31:42","guid":{"rendered":"https:\/\/aeboaagua.org\/PNAPCE-BoaAgua\/?p=128"},"modified":"2026-04-24T22:58:27","modified_gmt":"2026-04-24T22:58:27","slug":"o-labirinto-da-liberdade-desenhando-ruas-invisiveis-na-boa-agua","status":"publish","type":"post","link":"https:\/\/aeboaagua.org\/PNAPCE-BoaAgua\/2026\/04\/24\/o-labirinto-da-liberdade-desenhando-ruas-invisiveis-na-boa-agua\/","title":{"rendered":"O Labirinto da Liberdade: Desenhando Ruas (In)vis\u00edveis na Boa \u00c1gua"},"content":{"rendered":"\n<p>Neste 25 de abril, quando celebramos a palavra &#8220;Liberdade&#8221; como um compromisso hist\u00f3rico com a consci\u00eancia e a justi\u00e7a, o Agrupamento de Escolas da Boa \u00c1gua oficializa o seu lugar no ecossistema das artes e dos afetos. O nosso Plano Cultural de Escola (PCE), &#8220;Ruas (In)vis\u00edveis: artes, lusofonias e palcos&#8221;, n\u00e3o se pretende um cat\u00e1logo de eventos, mas uma arquitetura de encontros que procura, acima de tudo, <em>indestinar<\/em> a vida de quem por aqui passa.<\/p>\n\n\n\n<p><em>Indestinar<\/em> \u00e9 a coragem de recusar o percurso tra\u00e7ado pela in\u00e9rcia, devolvendo \u00e0 escola o seu potencial de transforma\u00e7\u00e3o social atrav\u00e9s da cultura. \u00c9 nesta inquieta\u00e7\u00e3o que ancoramos o nosso prop\u00f3sito, lembrando as palavras de Byung-Chul Han em <em>Vita Contemplativa<\/em>: \u00abA vida ganha em tempo e em espa\u00e7o, em dura\u00e7\u00e3o e em amplitude, quando recupera a capacidade contemplativa\u00bb. Na Boa \u00c1gua, as artes ensinam-nos precisamente esta li\u00e7\u00e3o da gratuidade \u2014 a de um tempo liberto de utilitarismos, um &#8220;espa\u00e7o franco&#8221; onde o prazer desinteressado e o brincar se sobrep\u00f5em \u00e0 ditadura da efici\u00eancia.<\/p>\n\n\n\n<p>O nosso caminho tem sido uma lenta flora\u00e7\u00e3o de afetos e saberes, onde o territ\u00f3rio se transfigura em palco. Vimos as ruas tornarem-se vis\u00edveis no pulsar de um Cam\u00f5es declamado em <em>beat<\/em> e corpo, e tecemos redes de perten\u00e7a com o PIPA, a Voz do Alentejo, o Chapit\u00f4 e o Conservat\u00f3rio Regional de Palmela, transformando a vizinhan\u00e7a num ecossistema sem muros. Na nossa Feira de Artes e Of\u00edcios (FAO), as m\u00e3os que guardam segredos ancestrais de Sesimbra cruzaram-se com as cores da Mold\u00e1via, provando que a democracia cultural se faz valorizando o que j\u00e1 existe em cada quil\u00f3metro quadrado e encontrando, verdadeiramente, &#8220;em cada rosto igualdade&#8221;.<\/p>\n\n\n\n<p>Esta igualdade de vozes manifesta-se por estes dias na deriva da galeria de arte que viaja do Pinhal do General at\u00e9 ao cora\u00e7\u00e3o da nossa celebra\u00e7\u00e3o, onde as turmas do 3\u00baA e 4\u00baA, guiadas pelo olhar das professoras Cila Torres e Ana Caeiro, nos oferecem a reinterpreta\u00e7\u00e3o do mundo pelos mais pequenos. Nos seus trabalhos, os alunos retrataram figuras como Pablo Picasso, Salvador Dal\u00ed, Frida Kahlo ou Paul Franklin, provando que as manifesta\u00e7\u00f5es culturais s\u00e3o a media\u00e7\u00e3o necess\u00e1ria para o reconhecimento pessoal de cada um e da comunidade que projetamos.<\/p>\n\n\n\n<p>Esta celebra\u00e7\u00e3o lembra-nos que o Plano Nacional das Artes \u00e9 uma casa de portas abertas onde todos cabem, sem a pretens\u00e3o de uma &#8220;t\u00e1bua rasa&#8221; ou de estar a come\u00e7ar do zero. Pelo contr\u00e1rio, o PNA nasce para enquadrar e potenciar os muitos projetos de qualidade que habitam a nossa escola, nomeadamente o trabalho persistente daqueles que j\u00e1 desenvolvem regularmente as artes numa perspetiva de ensino. Sabemos que a vitalidade art\u00edstica do nosso agrupamento \u00e9 de tal forma efervescente que muitos destes processos aguardam ainda o momento de se cruzarem com esta estrutura que nos agrega. \u00c9 neste convite ao encontro que procuramos uma articula\u00e7\u00e3o mais profunda, cientes de que este di\u00e1logo beneficiar\u00e1 toda a comunidade: ao unirmos esfor\u00e7os, imprimimos uma maior coer\u00eancia \u00e0 rela\u00e7\u00e3o Escola-Comunidade, transformamos as artes num curr\u00edculo integrador e transdisciplinar e, acima de tudo, garantimos que o talento dos nossos alunos ganha a visibilidade e a escala que merece, democratizando o acesso de todos \u00e0 frui\u00e7\u00e3o e cria\u00e7\u00e3o cultural.<\/p>\n\n\n\n<p>Diante destes retratos, ecoamos a interroga\u00e7\u00e3o que Daniel Oliveira lan\u00e7ou ao artista Vhils: quem decide, afinal, o que &#8220;cabe&#8221; dentro de um museu? Recusamos o ju\u00edzo preconceituoso que afasta o olhar da beleza inesperada das novas linguagens, entendendo que a cultura \u00e9 o dep\u00f3sito de humanismo que nos permite habitar a complexidade.<\/p>\n\n\n\n<p>Este projeto constr\u00f3i-se tamb\u00e9m na forma\u00e7\u00e3o da Academia PNA, onde o corpo docente se permite reconfigurar horizontes, preparando-nos para o &#8220;tempo demorado&#8221; da descoberta.<\/p>\n\n\n\n<p>Como gesto final de emancipa\u00e7\u00e3o, lan\u00e7amos hoje o podcast &#8220;Libert\u2019arte&#8221;, um arquivo vivo de vozes onde a arte e a educa\u00e7\u00e3o se dizem no plural. Para inaugurar esta ponte entre o pensamento e a a\u00e7\u00e3o, conversamos no primeiro epis\u00f3dio com Susana Silv\u00e9rio, Coordenadora Intermunicipal do PNA, cuja presen\u00e7a simboliza o di\u00e1logo essencial entre a escola e a comunidade cultural. Como Sophia de Mello Breyner Andresen proclamou, a cultura n\u00e3o serve para enfeitar a vida, mas para a transformar<a href=\"#_ftn1\" id=\"_ftnref1\">[1]<\/a> \u2014 para que possamos construir-nos em consci\u00eancia e liberdade. No Agrupamento de Escolas da Boa \u00c1gua, acreditamos que a educa\u00e7\u00e3o \u00e9 o gesto de desatar os n\u00f3s do destino, permitindo que a cultura seja o sopro que levanta o voo no peito de cada aluno, para que possam, enfim, habitar o c\u00e9u que escolherem inventar.<\/p>\n\n\n\n<p>Jo\u00e3o Reigado<\/p>\n\n\n\n<hr class=\"wp-block-separator has-alpha-channel-opacity\"\/>\n","protected":false},"excerpt":{"rendered":"<p>Neste 25 de abril, quando celebramos a palavra &#8220;Liberdade&#8221; como um compromisso hist\u00f3rico com a consci\u00eancia e a justi\u00e7a, o Agrupamento de Escolas da Boa \u00c1gua oficializa o seu lugar no ecossistema das artes e dos afetos. O nosso Plano Cultural de Escola (PCE), &#8220;Ruas (In)vis\u00edveis: artes, lusofonias e palcos&#8221;, n\u00e3o se pretende um cat\u00e1logo [&hellip;]<\/p>\n","protected":false},"author":1,"featured_media":154,"comment_status":"closed","ping_status":"open","sticky":false,"template":"","format":"standard","meta":{"pagelayer_contact_templates":[],"_pagelayer_content":"","footnotes":""},"categories":[30,40,32,39,31,37,29,38],"tags":[24,28,25,26],"class_list":["post-128","post","type-post","status-publish","format-standard","has-post-thumbnail","hentry","category-artigos","category-artistas","category-balanco","category-entrevistas","category-eventos","category-lancamentos","category-liberdade","category-podcast","tag-25-abril","tag-liberdade","tag-pna","tag-projeto"],"_links":{"self":[{"href":"https:\/\/aeboaagua.org\/PNAPCE-BoaAgua\/wp-json\/wp\/v2\/posts\/128","targetHints":{"allow":["GET"]}}],"collection":[{"href":"https:\/\/aeboaagua.org\/PNAPCE-BoaAgua\/wp-json\/wp\/v2\/posts"}],"about":[{"href":"https:\/\/aeboaagua.org\/PNAPCE-BoaAgua\/wp-json\/wp\/v2\/types\/post"}],"author":[{"embeddable":true,"href":"https:\/\/aeboaagua.org\/PNAPCE-BoaAgua\/wp-json\/wp\/v2\/users\/1"}],"replies":[{"embeddable":true,"href":"https:\/\/aeboaagua.org\/PNAPCE-BoaAgua\/wp-json\/wp\/v2\/comments?post=128"}],"version-history":[{"count":1,"href":"https:\/\/aeboaagua.org\/PNAPCE-BoaAgua\/wp-json\/wp\/v2\/posts\/128\/revisions"}],"predecessor-version":[{"id":129,"href":"https:\/\/aeboaagua.org\/PNAPCE-BoaAgua\/wp-json\/wp\/v2\/posts\/128\/revisions\/129"}],"wp:featuredmedia":[{"embeddable":true,"href":"https:\/\/aeboaagua.org\/PNAPCE-BoaAgua\/wp-json\/wp\/v2\/media\/154"}],"wp:attachment":[{"href":"https:\/\/aeboaagua.org\/PNAPCE-BoaAgua\/wp-json\/wp\/v2\/media?parent=128"}],"wp:term":[{"taxonomy":"category","embeddable":true,"href":"https:\/\/aeboaagua.org\/PNAPCE-BoaAgua\/wp-json\/wp\/v2\/categories?post=128"},{"taxonomy":"post_tag","embeddable":true,"href":"https:\/\/aeboaagua.org\/PNAPCE-BoaAgua\/wp-json\/wp\/v2\/tags?post=128"}],"curies":[{"name":"wp","href":"https:\/\/api.w.org\/{rel}","templated":true}]}}