{"id":122,"date":"2026-02-22T16:33:10","date_gmt":"2026-02-22T16:33:10","guid":{"rendered":"https:\/\/aeboaagua.org\/PNAPCE-BoaAgua\/?p=122"},"modified":"2026-04-24T22:19:37","modified_gmt":"2026-04-24T22:19:37","slug":"entrevista-com-a-coordenadora-intermunicipal-do-plano-nacional-das-artes-susana-silverio","status":"publish","type":"post","link":"https:\/\/aeboaagua.org\/PNAPCE-BoaAgua\/2026\/02\/22\/entrevista-com-a-coordenadora-intermunicipal-do-plano-nacional-das-artes-susana-silverio\/","title":{"rendered":"Entrevista com a Coordenadora Intermunicipal do Plano Nacional das Artes, Susana Silv\u00e9rio."},"content":{"rendered":"\n<p>Bem-vindos ao <strong>Libert&#8217;Arte<\/strong>, o podcast onde a escola deixa de ser apenas um lugar de passagem para se tornar um territ\u00f3rio sens\u00edvel!<\/p>\n\n\n\n<p>A equipa PNA-PCE do <strong>Agrupamento de Escolas da Boa \u00c1gua<\/strong>. Hoje, damos o primeiro passo na nossa miss\u00e3o de &#8216;Indisciplinar&#8217; o quotidiano. Vamos conversar sobre como as artes podem tirar a aprendizagem &#8216;da caixa&#8217; e transformar a nossa comunidade em algo mais cr\u00edtico, criativo e, acima de tudo, livre.<\/p>\n\n\n\n<p>Neste epis\u00f3dio de estreia, temos a honra de receber a <strong>Susana Silv\u00e9rio<\/strong>, Coordenadora Intermunicipal do Plano Nacional das Artes. Vamos descobrir como o nosso Plano Cultural de Escola se liga a esta rede nacional para fazer da arte um manifesto vivo no dia a dia dos nossos alunos.<\/p>\n\n\n\n<p>Fiquem connosco, o espet\u00e1culo da educa\u00e7\u00e3o est\u00e1 prestes a come\u00e7ar!<br><a href=\"https:\/\/open.spotify.com\/show\/4S29nNW0yR6k4LuQJHwVAm\" data-type=\"link\" data-id=\"https:\/\/open.spotify.com\/show\/4S29nNW0yR6k4LuQJHwVAm\" target=\"_blank\" rel=\"noreferrer noopener\">Escuta em &#8220;Libert&#8217;Arte&#8221;<\/a><\/p>\n\n\n\n<p><\/p>\n","protected":false},"excerpt":{"rendered":"<p>Bem-vindos ao Libert&#8217;Arte, o podcast onde a escola deixa de ser apenas um lugar de passagem para se tornar um territ\u00f3rio sens\u00edvel! A equipa PNA-PCE do Agrupamento de Escolas da Boa \u00c1gua. Hoje, damos o primeiro passo na nossa miss\u00e3o de &#8216;Indisciplinar&#8217; o quotidiano. Vamos conversar sobre como as artes podem tirar a aprendizagem &#8216;da [&hellip;]<\/p>\n","protected":false},"author":1,"featured_media":124,"comment_status":"closed","ping_status":"open","sticky":false,"template":"","format":"standard","meta":{"pagelayer_contact_templates":[],"_pagelayer_content":"","footnotes":""},"categories":[1],"tags":[],"class_list":["post-122","post","type-post","status-publish","format-standard","has-post-thumbnail","hentry","category-uncategorized"],"_links":{"self":[{"href":"https:\/\/aeboaagua.org\/PNAPCE-BoaAgua\/wp-json\/wp\/v2\/posts\/122","targetHints":{"allow":["GET"]}}],"collection":[{"href":"https:\/\/aeboaagua.org\/PNAPCE-BoaAgua\/wp-json\/wp\/v2\/posts"}],"about":[{"href":"https:\/\/aeboaagua.org\/PNAPCE-BoaAgua\/wp-json\/wp\/v2\/types\/post"}],"author":[{"embeddable":true,"href":"https:\/\/aeboaagua.org\/PNAPCE-BoaAgua\/wp-json\/wp\/v2\/users\/1"}],"replies":[{"embeddable":true,"href":"https:\/\/aeboaagua.org\/PNAPCE-BoaAgua\/wp-json\/wp\/v2\/comments?post=122"}],"version-history":[{"count":1,"href":"https:\/\/aeboaagua.org\/PNAPCE-BoaAgua\/wp-json\/wp\/v2\/posts\/122\/revisions"}],"predecessor-version":[{"id":123,"href":"https:\/\/aeboaagua.org\/PNAPCE-BoaAgua\/wp-json\/wp\/v2\/posts\/122\/revisions\/123"}],"wp:featuredmedia":[{"embeddable":true,"href":"https:\/\/aeboaagua.org\/PNAPCE-BoaAgua\/wp-json\/wp\/v2\/media\/124"}],"wp:attachment":[{"href":"https:\/\/aeboaagua.org\/PNAPCE-BoaAgua\/wp-json\/wp\/v2\/media?parent=122"}],"wp:term":[{"taxonomy":"category","embeddable":true,"href":"https:\/\/aeboaagua.org\/PNAPCE-BoaAgua\/wp-json\/wp\/v2\/categories?post=122"},{"taxonomy":"post_tag","embeddable":true,"href":"https:\/\/aeboaagua.org\/PNAPCE-BoaAgua\/wp-json\/wp\/v2\/tags?post=122"}],"curies":[{"name":"wp","href":"https:\/\/api.w.org\/{rel}","templated":true}]}}